{"id":475,"date":"2022-03-05T20:07:23","date_gmt":"2022-03-05T20:07:23","guid":{"rendered":"https:\/\/www.desdegranada.com\/site\/?p=475"},"modified":"2022-03-05T20:07:23","modified_gmt":"2022-03-05T20:07:23","slug":"una-tertulia-una-palabra-mas","status":"publish","type":"post","link":"https:\/\/www.desdegranada.com\/site\/?p=475","title":{"rendered":"Una tertulia. Una palabra m\u00e1s"},"content":{"rendered":"<p style=\"text-align: justify;\">Dos tintos fue el abrebocas para la charla, donde terminada esta, le inyect\u00e9 una palabra m\u00e1s a mi vocabulario. \u00a0Le hice una invitaci\u00f3n: Jaime Ovidio, tengo un whisky 18 a\u00f1os que solo lo saco del escondite para alguna ocasi\u00f3n especial. Vamos a mi apartamento y nos tomamos uno. Luego de darle los \u00faltimos sorbos al caf\u00e9, \u00e9l dijo, vamos, y, cuando me vio meter mi mano al bolsillo, volvi\u00f3 a decir\u2212: \u201cd\u00e9jeme pagar los tintos que no todos los d\u00edas comparto con un ilustre personaje como usted\u201d.<\/p>\n<p style=\"text-align: justify;\">As\u00ed es Jaime Ovidio para dirigirse a personas como yo y calificarlas con esos adjetivos, que en ocasiones son exagerados, y hablarles con un lenguaje refinado, elegante, fino, delicado y cuanto sin\u00f3nimo puede caber en sus expresiones; al punto de utilizar vocabulario nuevo para m\u00ed, como lo fue la palabra \u201caforismo\u201d en medio del primer sorbo al wiskey. Entonces le dije: disculpe mi ignorancia, en estos momentos no caigo en cuenta qu\u00e9 es aforismo, \u00bffavor me explica? \u00c9l, con esta pregunta y su respuesta, puso a prueba ese lenguaje filos\u00f3fico y no suspend\u00eda la exposici\u00f3n hasta que yo no le cortaba sus palabras.<\/p>\n<p style=\"text-align: justify;\">Alz\u00f3 la copa, le dio otro sorbo al trago, luego abandon\u00f3 la bebida sobre la mesa de centro, inclin\u00f3 su cuerpo hacia el espaldar del sill\u00f3n, levant\u00f3 el pie derecho y lo puso a descansar sobre la pierna izquierda haciendo un \u00e1ngulo de unos 45 grados desde la rodilla, y dijo: \u201cmi estimado e ilustr\u00edsimo Hugo, el aforismo es una sentencia, breve, corta. En el aforismo cabe pr\u00e1cticamente toda una editorial. El aforismo es la s\u00edntesis de un acontecimiento de un momento especial de la vida. En cuatro o cinco palabras un gran pensador logra expresar lo que otra persona en 40 p\u00e1ginas o todo un libro no lo logra decir. Es una palabra, es un resumen, es el tu\u00e9tano. Es lo esencial, lo fundamental. En un aforismo cabe todo lo que otro escritor dir\u00eda en 10 p\u00e1ginas: en una frase. Uno no puede confundir una sentencia con un refr\u00e1n porque los refranes son populares, m\u00e1s cercanos al folclor. Son vivencias de los pueblos. Pero el aforismo es de alto vuelo. M\u00e1s acad\u00e9mico\u2026\u201d. Salud, le interrump\u00ed tomando mi copa y \u00e9l, que, a pesar de su desenfrenada exposici\u00f3n, es respetuoso y siempre detiene el discurso para escuchar al otro; tambi\u00e9n alz\u00f3\u00a0su bebida\u00a0y respondi\u00f3 propin\u00e1ndole un peque\u00f1o golpe a mi copa.<\/p>\n<p style=\"text-align: justify;\"><img loading=\"lazy\" decoding=\"async\" src=\"images\/Jaime_Ovidio_-_Hugo_Tamayo.jpg\" alt=\"\" width=\"750\" height=\"439\" \/><\/p>\n<p style=\"text-align: justify;\">Despu\u00e9s del sonido de los cristales, volv\u00ed a decir: Salud para que le salgan las palabras. \u201cDesde luego que s\u00ed\u201d, contest\u00f3. Y continu\u00f3: \u201ces que el Wiskey ya est\u00e1 en la sangre. Es un torrente que funciona. Entonces el aforismo que logra decir una frase&#8230; Yo, por ejemplo, tengo una frase que dice: desventurados los que siempre callan porque sobre sus cabezas se impondr\u00e1 la dictadura de los que a toda hora hablan as\u00ed no tengan la raz\u00f3n. Pero eso todav\u00eda no es un aforismo porque el aforismo es m\u00e1s breve, m\u00e1s corto\u2026\u201d Volv\u00ed y le interrump\u00ed para opinar algo y, en medio del siguiente sorbo del trago, mostr\u00e1ndole unos libros le mencion\u00e9 la expresi\u00f3n \u201ctrasteo\u201d, a lo cual \u00e9l, que cuando se habla de literatura, emprende su alocuci\u00f3n filos\u00f3fica con tanta emoci\u00f3n, que no permite dejar escapar la oportunidad para tomarse de nuevo la palabra y dijo: \u201c\u00bfqu\u00e9 es trastear? T\u00fa sabes que trastear es pasar objetos de un lugar a otro (\u2026). Pasar trastos a otro lugar eso no tiene ning\u00fan sentido. Lo tiene \u00fanicamente cuando en el trasteo se nos rompe algo o se nos pierde alg\u00fan objeto. Ah\u00ed s\u00ed tiene alg\u00fan significado porque no hablamos del trasteo en s\u00ed, sino de lo que perdimos o rompimos en \u00e9l. Si en eso de trastear hay que pasar nuestra biblioteca, nos ponemos a echar a unas cajas de cart\u00f3n los libros: los que queremos los echamos a unas cajas. Los que hemos le\u00eddo en otras. Los que no hemos le\u00eddo pues van discriminadamente a otras cajas, pero nos est\u00e1n esperando ah\u00ed, a que nuestros ojos lleguen a sus hojas \u2212\u00a1que nuestros ojos a sus hojas!, ratific\u00f3 esto \u00faltimo con vehemencia\u2212 y esos libros, mire que se dejan empacar sin oponer ninguna resistencia y son de respetables autores y genios muy brillantes que su cerebro, su talento y sus redes neuronales se han convertido en palabras. A estos empacamos con gran facilidad en cajas de cart\u00f3n para llevarlos al lugar donde deseamos establecernos de nuevo\u201d.<\/p>\n<p style=\"text-align: justify;\">\u00c9l desliz\u00f3 su pierna derecha abandon\u00e1ndola en el piso e inmediatamente levant\u00f3 la espalda de la silla para brindar \u2212yo insinu\u00e9 esto con la copa en mi mano\u2212 y luego de que le di\u00e9ramos otro sorbo al wiskey, no hice ning\u00fan comentario para que terminara su discurso. Jaime Ovidio volvi\u00f3 a descansar la espalda en el sill\u00f3n, y, muy despacio, pero con elegancia, regres\u00f3 su pierna derecha a la posici\u00f3n original y continu\u00f3:<\/p>\n<p style=\"text-align: justify;\">\u201cComo le dije, estos libros no nos oponen ninguna resistencia para manipularlos a nuestro antojo, pero siempre sucede que en los trasteos se nos esconden algunos que queremos y son de cabecera. Los que m\u00e1s consultamos. Los que hemos elegido como indispensables y que al buscarlos no los encontramos. Y cuando esos berracos se nos esconden, el desorden comienza en ese momento porque los libros que m\u00e1s queremos est\u00e1n\u2026; mejor dicho, esos son los que no queremos prestar porque son parte de nosotros y no los dejamos a la vista porque se nos los trastean las visitas o los amigos que llegan a nuestras residencias.<\/p>\n<p style=\"text-align: justify;\">Tambi\u00e9n uno piensa, que tal que suceda un incendio en el medio del trasteo. Qu\u00e9 libro rescatar\u00edamos del incendio. Inmediatamente uno no puede ponerse a pensar, porque entre tantos libros no tenemos tiempo de escogerlos. Entonces uno echa en una caja los mas seleccionados por si algo \u2212porque una cruel incertidumbre nos puede pasar una mala jugada y si nada ocurre pues mejor\u2212; pero a la hora de salvar los libros en un trasteo, hay que salvar el mejor libro de historia, el mejor libro de sociolog\u00eda, el mejor de derecho, el mejor de humanidades, el mejor de medicina, el mejor de econom\u00eda, el mejor libro de finanzas. Y ya, particularizando, habr\u00eda que echar a la caja r\u00e1pidamente, el Quijote de la Mancha, todas las obras de Shaksper, todas las de Petrarca, todas las obras de Dante Alighieri, todas las obras de Kant (Immanuel Kant), gran humanista. A \u00a1James Joyce!, habr\u00eda que salvarlo con su gran obra, el Ulises. Un libro que fue declarado libro maestro del siglo XX. Obviamente que a nivel latinoamericano habr\u00eda que salvar a Jorge Luis Borges que es un gran enciclopedista, un hombre que escribi\u00f3 lo que escribi\u00f3 como cogiendo las palabras con pinzas. Fue un talento, un genio. Un hombre brillante. Y habr\u00eda que salvar las obras de Plat\u00f3n: La Rep\u00fablica. A Arist\u00f3teles, que nos ense\u00f1\u00f3 a pensar con l\u00f3gica y a Hegel que nos invent\u00f3 la dial\u00e9ctica y a Marx que tal vez descubri\u00f3 un poco que la econom\u00eda, que las finanzas. Ese tema de la lucha de clases que se impon\u00edan en el mundo y ya tergiversadas, fueron un tremendo fracaso. Tambi\u00e9n habr\u00eda que guardar la biblia que es toda una suma de libros escrita en diferentes tiempos por diferentes autores. Y los libros de San Agust\u00edn que fue un gran te\u00f3logo. Y a nivel latinoamericano habr\u00eda que salvar unos libros de pablo Neruda. Un poeta enorme de tan gran dimensi\u00f3n. Al gran Porfirio Barba Jacob y por qu\u00e9 no salvar las obras de Hugo Tamayo (creo que esto lo hizo para pagar el wiskey), que vengan a rescatarlo en la historia en Las 2 vacas para que usted deje tambi\u00e9n su propio historial.<\/p>\n<p style=\"text-align: justify;\">Terminada esta intervenci\u00f3n me invit\u00f3 a su casa.<\/p>\n<p style=\"text-align: justify;\">Siga estimado Hugo, bien pueda, dijo ya estando en la puerta. A solo unos tres pasos est\u00e1n los muebles de la sala, pero con esos tres pasos fue suficiente para saber que esas tablas centenarias del piso, creo que son herencia de la herencia de sus padres, pues si fuera ya de noche y las luces estuvieran apagadas, creer\u00eda uno que los espantos dan las mismas pisadas de uno, al otro lado de la sala. O de la casa.<\/p>\n<p style=\"text-align: justify;\">All\u00ed Jaime Ovidio sirvi\u00f3 dos vinos que fuimos consumiendo al son de relatos literarios y filos\u00f3ficos \u2212entre otros temas\u2212 y, como en mi apartamento, de una frase m\u00eda, \u00e9l dejaba al descubierto la experiencia de lector y profesor, que lo fue hasta su jubilaci\u00f3n. En esa sala hablamos de la pr\u00f3stata, me dijo que iba al ba\u00f1o seis o siete veces en la noche, yo le cont\u00e9 que eso me pasaba a m\u00ed pero que hab\u00eda mejorado con un tratamiento\u2026 Mejor dicho, si describo aqu\u00ed lo conversado en esa segunda estaci\u00f3n de la tertulia de ese s\u00e1bado, terminar\u00eda aburriendo a mis lectores; algo que mi amigo, a pesar de tomarse la palabra con largas exposiciones, nunca lo hizo. Mas bien aprend\u00ed y a mi l\u00e9xico que es bien empobrecido y paup\u00e9rrimo, le agregu\u00e9 una palabra m\u00e1s: \u201cAforismo\u201d.<\/p>\n","protected":false},"excerpt":{"rendered":"<p style=\"text-align: justify;\">\u00a1Que m\u00e1s mijo!, le grit\u00e9 desde la puerta de mi apartamento a Jaime Ovidio Giraldo que se encontraba a unos cincuenta metros de distancia \u2212donde es su casa en Granada\u2212, ese s\u00e1bado de relax. \u00c9l abri\u00f3 las manos como queri\u00e9ndome abrazar a esta distancia, gesticulando algunas frases. Y, despu\u00e9s de este peculiar saludo, le segu\u00ed gritando: \u00a1Tomamos tinto. Vamos a filosofar! Quedamos a las diez, pero como no le cumpl\u00ed, seis minutos luego de lo previsto, me lleg\u00f3 un mensaje de mi amigo: \u00bfQu\u00e9 pas\u00f3? D\u00f3nde est\u00e1, le contest\u00e9 por el mismo medio. En LA FAMILIAR, me escribi\u00f3 por \u00faltimo. Ya le caigo, le volv\u00ed a escribir y guard\u00e9 mi celular.<\/p>\n","protected":false},"author":1,"featured_media":0,"comment_status":"open","ping_status":"open","sticky":false,"template":"","format":"standard","meta":{"footnotes":""},"categories":[20],"tags":[],"class_list":["post-475","post","type-post","status-publish","format-standard","hentry","category-columnistas"],"_links":{"self":[{"href":"https:\/\/www.desdegranada.com\/site\/index.php?rest_route=\/wp\/v2\/posts\/475","targetHints":{"allow":["GET"]}}],"collection":[{"href":"https:\/\/www.desdegranada.com\/site\/index.php?rest_route=\/wp\/v2\/posts"}],"about":[{"href":"https:\/\/www.desdegranada.com\/site\/index.php?rest_route=\/wp\/v2\/types\/post"}],"author":[{"embeddable":true,"href":"https:\/\/www.desdegranada.com\/site\/index.php?rest_route=\/wp\/v2\/users\/1"}],"replies":[{"embeddable":true,"href":"https:\/\/www.desdegranada.com\/site\/index.php?rest_route=%2Fwp%2Fv2%2Fcomments&post=475"}],"version-history":[{"count":0,"href":"https:\/\/www.desdegranada.com\/site\/index.php?rest_route=\/wp\/v2\/posts\/475\/revisions"}],"wp:attachment":[{"href":"https:\/\/www.desdegranada.com\/site\/index.php?rest_route=%2Fwp%2Fv2%2Fmedia&parent=475"}],"wp:term":[{"taxonomy":"category","embeddable":true,"href":"https:\/\/www.desdegranada.com\/site\/index.php?rest_route=%2Fwp%2Fv2%2Fcategories&post=475"},{"taxonomy":"post_tag","embeddable":true,"href":"https:\/\/www.desdegranada.com\/site\/index.php?rest_route=%2Fwp%2Fv2%2Ftags&post=475"}],"curies":[{"name":"wp","href":"https:\/\/api.w.org\/{rel}","templated":true}]}}