{"id":476,"date":"2022-03-10T20:03:24","date_gmt":"2022-03-10T20:03:24","guid":{"rendered":"https:\/\/www.desdegranada.com\/site\/?p=476"},"modified":"2022-03-10T20:03:24","modified_gmt":"2022-03-10T20:03:24","slug":"miguel-chirrillas-45-anos-recorriendo-el-departamento-y-el-pais-al-volante","status":"publish","type":"post","link":"https:\/\/www.desdegranada.com\/site\/?p=476","title":{"rendered":"Miguel \u2018Chirrillas\u2019, 45 a\u00f1os recorriendo el departamento y el pa\u00eds al volante"},"content":{"rendered":"<p style=\"text-align: justify;\">Por: Faiber Salazar.<br \/>Twitter: @Soy_Fai.<\/p>\n<p style=\"text-align: justify;\">\u201cYo estudi\u00e9 en la escuela de aqu\u00ed, despu\u00e9s me llevaron pa la vereda Los Planes. Por all\u00e1 me puse a trabajar cargando y metiendo ca\u00f1a en los trapiches en la vereda El Ed\u00e9n, Guadualito, por todos esos Planes, y despu\u00e9s me entregu\u00e9 al destino de la gasolina\u201d, relata don Miguel V\u00e1squez, mientras se alarga en algunas pausas para poder recordar cada detalle de aquella \u00e9poca.<\/p>\n<p style=\"text-align: justify;\">Condujo escalera, carros particulares y hasta cami\u00f3n en sus casi cinco d\u00e9cadas recorriendo las v\u00edas de Antioquia y el pa\u00eds, pero hace ya cerca de tres a\u00f1os que \u2018Chirrillas\u2019, como es m\u00e1s conocido don Miguel, dej\u00f3 los carros o \u201cla gasolina\u201d, como tambi\u00e9n les llama, por sus problemas de visi\u00f3n.<\/p>\n<p style=\"text-align: justify;\">\u201cMe fui metiendo a los carros hasta que result\u00e9 trabajando de ayudante, y despu\u00e9s saqu\u00e9 el pase y me patent\u00e9. El primero que me larg\u00f3 carro chiquito fue el finado Abelardo Zuluaga, que llamaban \u2018Millonario\u2019, me mand\u00f3 con la primera carrera pa Cocorn\u00e1. Trabaj\u00e9 pa San Carlos muchos a\u00f1os de ayudante primero, y manejando escalera para all\u00e1 despu\u00e9s. Trabaj\u00e9 para la Costa cami\u00f3n, yo trabaj\u00e9 pa Barranquilla, Cartagena\u201d.<\/p>\n<p style=\"text-align: justify;\"><img decoding=\"async\" src=\"images\/Miguel_Chirrillas.jpg\" alt=\"\" \/><\/p>\n<p style=\"text-align: justify;\">Pr\u00f3ximo a cumplir 87 a\u00f1os, y habiendo dedicado casi la mitad de ellos a transportar personas y carga, don Miguel reconoce que fue gracias a los carros como logr\u00f3 sacar adelante a su esposa y sus seis hijos.<\/p>\n<p style=\"text-align: justify;\">\u201cEl primer autom\u00f3vil que compr\u00e9 con el finado \u2018Trampas\u2019 era un Ford 46, desde ah\u00ed comenc\u00e9 sociedad con \u00e9l hasta que me independic\u00e9 y consegu\u00ed mi carrito peque\u00f1o y trabaj\u00e9 por ah\u00ed 45 a\u00f1os de cuenta m\u00eda. Gracias a Dios con eso levant\u00e9 la familia y hoy tengo mi casita propia desde hace muchos tiempos\u201d.<\/p>\n<p style=\"text-align: justify;\">Habiendo tenido cerca de 30 veh\u00edculos durante los a\u00f1os que se desempe\u00f1\u00f3 como chivero, Chirrillas recuerda con especial cari\u00f1o el primer carro que tuvo, y otros con los que al igual que en ese, tuvo la fortuna de recorrer kil\u00f3metros y kil\u00f3metros, y de conseguirse su sustento.<\/p>\n<p style=\"text-align: justify;\">\u201cPor ah\u00ed 30 carritos de autom\u00f3vil tuve de cuenta m\u00eda. El carro que m\u00e1s alegr\u00edas me dio fue el Ford 46 que yo tuve y un Fordcito 54 muy bonito. Despu\u00e9s pas\u00e9 a los Dodge Dart, a los nueves, y fui pasando hasta ahora que trabaj\u00e9 el \u00faltimo, un Sprint modelo 96\u201d.<\/p>\n<p style=\"text-align: justify;\">Aunque ya no detr\u00e1s de una manivela, don Miguel mantiene una estrecha conexi\u00f3n con quienes conforman el gremio de transportadores en la actualidad y todav\u00eda, de vez en cuando, recorre algunas carreteras acompa\u00f1ando a sus colegas y recordando an\u00e9cdotas de sus a\u00f1os al volante.<\/p>\n","protected":false},"excerpt":{"rendered":"<p style=\"text-align: justify;\">Aunque sus primeros a\u00f1os de vida los pas\u00f3 realizando las labores del campo en la vereda Los Planes y otras cercanas, esto cambi\u00f3 al llegar al pueblo, en donde se empez\u00f3 a relacionar con varios transportadores que m\u00e1s adelante le dieron trabajo de ayudante hasta que empez\u00f3 a conducir.<\/p>\n","protected":false},"author":1,"featured_media":0,"comment_status":"open","ping_status":"open","sticky":false,"template":"","format":"standard","meta":{"footnotes":""},"categories":[20],"tags":[],"class_list":["post-476","post","type-post","status-publish","format-standard","hentry","category-columnistas"],"_links":{"self":[{"href":"https:\/\/www.desdegranada.com\/site\/index.php?rest_route=\/wp\/v2\/posts\/476","targetHints":{"allow":["GET"]}}],"collection":[{"href":"https:\/\/www.desdegranada.com\/site\/index.php?rest_route=\/wp\/v2\/posts"}],"about":[{"href":"https:\/\/www.desdegranada.com\/site\/index.php?rest_route=\/wp\/v2\/types\/post"}],"author":[{"embeddable":true,"href":"https:\/\/www.desdegranada.com\/site\/index.php?rest_route=\/wp\/v2\/users\/1"}],"replies":[{"embeddable":true,"href":"https:\/\/www.desdegranada.com\/site\/index.php?rest_route=%2Fwp%2Fv2%2Fcomments&post=476"}],"version-history":[{"count":0,"href":"https:\/\/www.desdegranada.com\/site\/index.php?rest_route=\/wp\/v2\/posts\/476\/revisions"}],"wp:attachment":[{"href":"https:\/\/www.desdegranada.com\/site\/index.php?rest_route=%2Fwp%2Fv2%2Fmedia&parent=476"}],"wp:term":[{"taxonomy":"category","embeddable":true,"href":"https:\/\/www.desdegranada.com\/site\/index.php?rest_route=%2Fwp%2Fv2%2Fcategories&post=476"},{"taxonomy":"post_tag","embeddable":true,"href":"https:\/\/www.desdegranada.com\/site\/index.php?rest_route=%2Fwp%2Fv2%2Ftags&post=476"}],"curies":[{"name":"wp","href":"https:\/\/api.w.org\/{rel}","templated":true}]}}