{"id":478,"date":"2022-03-11T20:34:47","date_gmt":"2022-03-11T20:34:47","guid":{"rendered":"https:\/\/www.desdegranada.com\/site\/?p=478"},"modified":"2022-03-11T20:34:47","modified_gmt":"2022-03-11T20:34:47","slug":"inejago-ya-tiene-a-su-personero-representante-de-los-estudiantes-y-personerito-2022","status":"publish","type":"post","link":"https:\/\/www.desdegranada.com\/site\/?p=478","title":{"rendered":"INEJAGO ya tiene a su personero, representante de los estudiantes y personerito 2022"},"content":{"rendered":"<p style=\"text-align: justify;\">La jornada democr\u00e1tica tuvo su inicio a las 8:00am con los estudiantes entre los grados sexto a octavo, y a partir de las 10:30 los estudiantes de noveno a once. En una din\u00e1mica similar, en cada una de las sedes rurales el estudiantado eligi\u00f3 a otros l\u00edderes que acompa\u00f1ar\u00e1n a los ganadores de la sede principal en la gesti\u00f3n y ejecuci\u00f3n de las propuestas.<\/p>\n<p style=\"text-align: justify;\">Los votos de un total de 940 estudiantes decidieron que ser\u00e1n Mar\u00eda Fernanda G\u00f3mez (250 votos), Cl\u00edmaco Andr\u00e9s Giraldo (333 votos) y Mart\u00edn Nore\u00f1a (339 votos) quienes ejercer\u00e1n como personera estudiantil, representante de los estudiantes y personerito, respectivamente, a lo largo del a\u00f1o lectivo.<\/p>\n","protected":false},"excerpt":{"rendered":"<p style=\"text-align: justify;\">Este viernes todos los estudiantes matriculados a la Instituci\u00f3n Educativa Jorge Alberto G\u00f3mez G\u00f3mez se daban cita para elegir a los l\u00edderes estudiantiles que se encargar\u00e1n de representarlos ante los diferentes organismos de la instituci\u00f3n durante todo el 2022.<\/p>\n","protected":false},"author":1,"featured_media":0,"comment_status":"open","ping_status":"open","sticky":false,"template":"","format":"standard","meta":{"footnotes":""},"categories":[19],"tags":[],"class_list":["post-478","post","type-post","status-publish","format-standard","hentry","category-noticias"],"_links":{"self":[{"href":"https:\/\/www.desdegranada.com\/site\/index.php?rest_route=\/wp\/v2\/posts\/478","targetHints":{"allow":["GET"]}}],"collection":[{"href":"https:\/\/www.desdegranada.com\/site\/index.php?rest_route=\/wp\/v2\/posts"}],"about":[{"href":"https:\/\/www.desdegranada.com\/site\/index.php?rest_route=\/wp\/v2\/types\/post"}],"author":[{"embeddable":true,"href":"https:\/\/www.desdegranada.com\/site\/index.php?rest_route=\/wp\/v2\/users\/1"}],"replies":[{"embeddable":true,"href":"https:\/\/www.desdegranada.com\/site\/index.php?rest_route=%2Fwp%2Fv2%2Fcomments&post=478"}],"version-history":[{"count":0,"href":"https:\/\/www.desdegranada.com\/site\/index.php?rest_route=\/wp\/v2\/posts\/478\/revisions"}],"wp:attachment":[{"href":"https:\/\/www.desdegranada.com\/site\/index.php?rest_route=%2Fwp%2Fv2%2Fmedia&parent=478"}],"wp:term":[{"taxonomy":"category","embeddable":true,"href":"https:\/\/www.desdegranada.com\/site\/index.php?rest_route=%2Fwp%2Fv2%2Fcategories&post=478"},{"taxonomy":"post_tag","embeddable":true,"href":"https:\/\/www.desdegranada.com\/site\/index.php?rest_route=%2Fwp%2Fv2%2Ftags&post=478"}],"curies":[{"name":"wp","href":"https:\/\/api.w.org\/{rel}","templated":true}]}}