{"id":479,"date":"2022-03-12T19:51:42","date_gmt":"2022-03-12T19:51:42","guid":{"rendered":"https:\/\/www.desdegranada.com\/site\/?p=479"},"modified":"2022-03-12T19:51:42","modified_gmt":"2022-03-12T19:51:42","slug":"estas-son-las-medidas-que-regiran-durante-elecciones-legislativas-en-granada","status":"publish","type":"post","link":"https:\/\/www.desdegranada.com\/site\/?p=479","title":{"rendered":"Estas son las medidas que regir\u00e1n durante elecciones legislativas en Granada"},"content":{"rendered":"<p style=\"text-align: justify;\">As\u00ed, por medio del decreto municipal N\u00b0022 y el decreto presidencial N\u00b0318, se reglamenta la ley seca desde las 6:00pm del 12 de marzo (s\u00e1bado) hasta las 6:00am del 14 de marzo (lunes) y se proh\u00edbe el porte de cualquier tipo de propaganda pol\u00edtica durante el desarrollo de la jornada electoral.<\/p>\n<p style=\"text-align: justify;\">En ese sentido, el horario de los establecimientos de comercio no se ver\u00e1 afectado siempre y cuando se respeten las medidas establecidas por el Gobierno Nacional y Municipal.<\/p>\n","protected":false},"excerpt":{"rendered":"<p style=\"text-align: justify;\">Desde las 6:00pm de hoy empiezan a regir las medidas que buscan garantizar el normal desarrollo de las elecciones legislativas 2022 que tendr\u00e1n lugar en el pa\u00eds el domingo 13 de marzo.<\/p>\n","protected":false},"author":1,"featured_media":0,"comment_status":"open","ping_status":"open","sticky":false,"template":"","format":"standard","meta":{"footnotes":""},"categories":[19],"tags":[],"class_list":["post-479","post","type-post","status-publish","format-standard","hentry","category-noticias"],"_links":{"self":[{"href":"https:\/\/www.desdegranada.com\/site\/index.php?rest_route=\/wp\/v2\/posts\/479","targetHints":{"allow":["GET"]}}],"collection":[{"href":"https:\/\/www.desdegranada.com\/site\/index.php?rest_route=\/wp\/v2\/posts"}],"about":[{"href":"https:\/\/www.desdegranada.com\/site\/index.php?rest_route=\/wp\/v2\/types\/post"}],"author":[{"embeddable":true,"href":"https:\/\/www.desdegranada.com\/site\/index.php?rest_route=\/wp\/v2\/users\/1"}],"replies":[{"embeddable":true,"href":"https:\/\/www.desdegranada.com\/site\/index.php?rest_route=%2Fwp%2Fv2%2Fcomments&post=479"}],"version-history":[{"count":0,"href":"https:\/\/www.desdegranada.com\/site\/index.php?rest_route=\/wp\/v2\/posts\/479\/revisions"}],"wp:attachment":[{"href":"https:\/\/www.desdegranada.com\/site\/index.php?rest_route=%2Fwp%2Fv2%2Fmedia&parent=479"}],"wp:term":[{"taxonomy":"category","embeddable":true,"href":"https:\/\/www.desdegranada.com\/site\/index.php?rest_route=%2Fwp%2Fv2%2Fcategories&post=479"},{"taxonomy":"post_tag","embeddable":true,"href":"https:\/\/www.desdegranada.com\/site\/index.php?rest_route=%2Fwp%2Fv2%2Ftags&post=479"}],"curies":[{"name":"wp","href":"https:\/\/api.w.org\/{rel}","templated":true}]}}