{"id":480,"date":"2022-03-14T16:52:36","date_gmt":"2022-03-14T16:52:36","guid":{"rendered":"https:\/\/www.desdegranada.com\/site\/?p=480"},"modified":"2022-03-14T16:52:36","modified_gmt":"2022-03-14T16:52:36","slug":"asi-votaron-los-granadinos-para-el-senado-camara-de-representantes-y-consultas-de-coaliciones","status":"publish","type":"post","link":"https:\/\/www.desdegranada.com\/site\/?p=480","title":{"rendered":"As\u00ed votaron los granadinos para el Senado, C\u00e1mara de Representantes y consultas de coaliciones"},"content":{"rendered":"<p style=\"text-align: justify;\"><img loading=\"lazy\" decoding=\"async\" src=\"images\/Elecciones_2022__senado.jpg\" alt=\"\" width=\"750\" height=\"439\" \/><\/p>\n<p style=\"text-align: justify;\">Para el <strong><em>Senado<\/em><\/strong>, como ha sido tradicional, el partido conservador obtuvo el mayor n\u00famero de votos en la localidad (2701), seguido por el Centro Democr\u00e1tico (316) y la Coalici\u00f3n Alianza Verde y Centro (238).<\/p>\n<p style=\"text-align: justify;\">Los votos por el partido <strong><em>Conservador<\/em><\/strong> se repartieron principalmente entre tres candidatos:<\/p>\n<p style=\"text-align: justify;\">Oscar Mauricio Giraldo Hern\u00e1ndez 1128 \u2013 28.73%.<\/p>\n<p style=\"text-align: justify;\">Germ\u00e1n Alcides Blanco \u00c1lvarez 413 \u2013 10.52%.<\/p>\n<p style=\"text-align: justify;\">Nicol\u00e1s Alveiro Echeverry Alvar\u00e1n 385 \u2013 9.85%.<\/p>\n<p style=\"text-align: justify;\">Carlos Andr\u00e9s Trujillo Gonz\u00e1lez 256 \u2013 6.52%.<\/p>\n<p style=\"text-align: justify;\">Por el partido <strong><em>Centro Democr\u00e1tico<\/em><\/strong> los votos se distribuyeron as\u00ed:<\/p>\n<p style=\"text-align: justify;\">Esteban Quintero Cardona 73 \u2013 1.85%.<\/p>\n<p style=\"text-align: justify;\">Miguel Uribe Turbay 20 \u2013 0.50%.<\/p>\n<p style=\"text-align: justify;\">Andr\u00e9s Felipe Guerra 20 \u2013 0.50%.<\/p>\n<p style=\"text-align: justify;\">Y por la <strong><em>Coalici\u00f3n Alianza Verde y Centro<\/em><\/strong> Luis Iv\u00e1n Marulanda G\u00f3mez (25), Humberto de la Calle Lombana (23) y Le\u00f3n Freddy Mu\u00f1oz Lopera (15) obtuvieron la mayor cantidad de votos.<\/p>\n<p style=\"text-align: justify;\"><img decoding=\"async\" src=\"images\/Elecciones_2022__cmara.jpg\" alt=\"\" \/><\/p>\n<p style=\"text-align: justify;\">A la <strong><em>C\u00e1mara de Representantes<\/em><\/strong>, el top 4 de los votos quedaron repartidos entre los partidos Conservador (2414), Centro Democr\u00e1tico (346), Pacto Hist\u00f3rico (189) y Partido Liberal (187).<\/p>\n<p style=\"text-align: justify;\">Luis Miguel L\u00f3pez Aristiz\u00e1bal 1070, Juan Camilo Callejas Tamayo 415, Andr\u00e9s Felipe Jim\u00e9nez Vargas 372 y Daniel Restrepo Carmona 286, captaron el mayor n\u00famero de votos por el <strong><em>Partido Conservador<\/em><\/strong>.<\/p>\n<p style=\"text-align: justify;\">Hern\u00e1n Dar\u00edo Cadavid M\u00e1rquez 60, Oscar Dar\u00edo P\u00e9rez Pineda 53 y Yulieth Andrea S\u00e1nchez Carre\u00f1o 50, obtuvieron las mayores votaciones por el partido <strong><em>Centro Democr\u00e1tico.<\/em><\/strong><\/p>\n<p style=\"text-align: justify;\">La lista del <strong><em>Pacto Hist\u00f3rico<\/em><\/strong> alcanz\u00f3 un total de 189 votos, mientras que por el <strong><em>Partido Liberal<\/em><\/strong> obtuvieron la mayor cantidad de votos Juli\u00e1n Peinado Ram\u00edrez 100, Rodrigo de Jes\u00fas Ardila Vargas 22 y Luis Carlos Ochoa Tob\u00f3n 20.<\/p>\n<p style=\"text-align: justify;\">Las consultas para elegir los candidatos que participar\u00e1n de las elecciones presidenciales, tambi\u00e9n dinamizaron la jornada democr\u00e1tica en la localidad. As\u00ed, por la coalici\u00f3n <strong><em>Centro Esperanza<\/em><\/strong> la mayor\u00eda de votos 130 \u2013 63,72% fueron para el candidato Sergio Fajardo; por la consulta del <strong><em>Pacto Hist\u00f3rico<\/em><\/strong> el candidato Gustavo Petro con 172 votos \u2013 59,51% obtuvo la mayor votaci\u00f3n y finalmente en la consulta del <strong><em>Equipo por Colombia<\/em><\/strong> el Candidato Federico Guti\u00e9rrez con 1849 \u2013 91,57% encabez\u00f3 las votaciones.<\/p>\n<p style=\"text-align: justify;\"><img decoding=\"async\" src=\"images\/Elecciones_2022__centro_esperanza.jpg\" alt=\"\" \/><\/p>\n<p style=\"text-align: justify;\"><img decoding=\"async\" src=\"images\/Elecciones_2022__equipo_por_colombia.jpg\" alt=\"\" \/><\/p>\n<p style=\"text-align: justify;\"><img decoding=\"async\" src=\"images\/Elecciones_2022__pacto_histrico.jpg\" alt=\"\" \/><\/p>\n<p style=\"text-align: justify;\">El ejercicio democr\u00e1tico en el municipio se desarroll\u00f3 sin contratiempos y con una significativa participaci\u00f3n de la comunidad.<\/p>\n","protected":false},"excerpt":{"rendered":"<p style=\"text-align: justify;\">Con la mirada puesta en el futuro del pa\u00eds, desde muy temprano los granadinos acudieron a las urnas el domingo 13 de marzo para elegir a los nuevos senadores y representantes a la c\u00e1mara, que ejercer\u00e1n a partir del pr\u00f3ximo 7 de agosto. De la misma manera hubo participaci\u00f3n para elegir al candidato de cada una de las consultas de coaliciones, de las que salieron 3 nombres que har\u00e1n parte de la lista de candidatos a la presidencia de la Rep\u00fablica.<\/p>\n","protected":false},"author":1,"featured_media":0,"comment_status":"open","ping_status":"open","sticky":false,"template":"","format":"standard","meta":{"footnotes":""},"categories":[19],"tags":[],"class_list":["post-480","post","type-post","status-publish","format-standard","hentry","category-noticias"],"_links":{"self":[{"href":"https:\/\/www.desdegranada.com\/site\/index.php?rest_route=\/wp\/v2\/posts\/480","targetHints":{"allow":["GET"]}}],"collection":[{"href":"https:\/\/www.desdegranada.com\/site\/index.php?rest_route=\/wp\/v2\/posts"}],"about":[{"href":"https:\/\/www.desdegranada.com\/site\/index.php?rest_route=\/wp\/v2\/types\/post"}],"author":[{"embeddable":true,"href":"https:\/\/www.desdegranada.com\/site\/index.php?rest_route=\/wp\/v2\/users\/1"}],"replies":[{"embeddable":true,"href":"https:\/\/www.desdegranada.com\/site\/index.php?rest_route=%2Fwp%2Fv2%2Fcomments&post=480"}],"version-history":[{"count":0,"href":"https:\/\/www.desdegranada.com\/site\/index.php?rest_route=\/wp\/v2\/posts\/480\/revisions"}],"wp:attachment":[{"href":"https:\/\/www.desdegranada.com\/site\/index.php?rest_route=%2Fwp%2Fv2%2Fmedia&parent=480"}],"wp:term":[{"taxonomy":"category","embeddable":true,"href":"https:\/\/www.desdegranada.com\/site\/index.php?rest_route=%2Fwp%2Fv2%2Fcategories&post=480"},{"taxonomy":"post_tag","embeddable":true,"href":"https:\/\/www.desdegranada.com\/site\/index.php?rest_route=%2Fwp%2Fv2%2Ftags&post=480"}],"curies":[{"name":"wp","href":"https:\/\/api.w.org\/{rel}","templated":true}]}}