{"id":481,"date":"2022-03-15T14:08:30","date_gmt":"2022-03-15T14:08:30","guid":{"rendered":"https:\/\/www.desdegranada.com\/site\/?p=481"},"modified":"2022-03-15T14:08:30","modified_gmt":"2022-03-15T14:08:30","slug":"asovida-declaro-a-humberto-de-la-calle-miembro-honorifico-de-la-asociacion-el-a-su-vez-reconocio-el-aporte-del-salon-del-nunca-mas-a-la-construccion-de-paz","status":"publish","type":"post","link":"https:\/\/www.desdegranada.com\/site\/?p=481","title":{"rendered":"Asovida declar\u00f3 a Humberto de la Calle miembro honor\u00edfico de la asociaci\u00f3n, \u00e9l a su vez reconoci\u00f3 el aporte del Sal\u00f3n del Nunca M\u00e1s a la construcci\u00f3n de paz"},"content":{"rendered":"<p style=\"text-align: justify;\">\u201cUno siente una inmensa tristeza por el pasado (\u2026) y cuando uno mira esas fotograf\u00edas, incluso de ni\u00f1os, de personas desaparecidas, claro que hay una congoja, un gran dolor, pero se compensa por fortuna con saber que aqu\u00ed se reconstruy\u00f3 la poblaci\u00f3n y no solo en la arquitectura, sino en el coraz\u00f3n de las personas y que hoy est\u00e1n trabajando en paz\u201d.<\/p>\n<p style=\"text-align: justify;\"><img loading=\"lazy\" decoding=\"async\" src=\"images\/Humberto_de_la_Calle_2.jpg\" alt=\"\" width=\"750\" height=\"439\" \/><\/p>\n<p style=\"text-align: justify;\">Tras recorrer el sal\u00f3n observando las fotograf\u00edas y escuchar de la propia voz de las v\u00edctimas c\u00f3mo se vivi\u00f3 el conflicto en el territorio, De la Calle convers\u00f3 con los asistentes y resalt\u00f3 la importancia de la paz en los territorios, especialmente en aquellos que como Granada sufrieron en mayor medida la crudeza del conflicto y, de la misma forma, enfatiz\u00f3 en la importancia de estar vigilantes y trabajar de manera conjunta para consolidarla.<\/p>\n<p style=\"text-align: justify;\">\u201c\u00bfPor qu\u00e9 no es posible que Colombia vea lo que est\u00e1 pasando en Granada? Esta es la demostraci\u00f3n de que s\u00ed es posible la reconciliaci\u00f3n y por eso tenemos que seguir buscando la paz, recuperar el camino del acuerdo\u201d, dijo.<\/p>\n<p style=\"text-align: justify;\"><img loading=\"lazy\" decoding=\"async\" src=\"images\/Humberto_de_la_Calle_3.jpg\" alt=\"\" width=\"750\" height=\"439\" \/><\/p>\n<p style=\"text-align: justify;\">Desde la Asociaci\u00f3n de V\u00edctimas y el Sal\u00f3n del Nunca M\u00e1s se le hizo entrega de una placa en reconocimiento por su compromiso con la paz de Colombia y se le declar\u00f3 como miembro honor\u00edfico de la asociaci\u00f3n y de este espacio de memoria.<\/p>\n<p style=\"text-align: justify;\">Desde sus inicios, el Sal\u00f3n del Nunca M\u00e1s de Granada se ha convertido en un referente para el departamento y el pa\u00eds en procesos de memoria y reconciliaci\u00f3n, dando visibilidad a los cientos de v\u00edctimas y aportando a la reconstrucci\u00f3n del tejido social y a la paz.<\/p>\n","protected":false},"excerpt":{"rendered":"<p style=\"text-align: justify;\">Humberto de la Calle Lombana, jefe de la delegaci\u00f3n del Gobierno en las negociaciones del proceso de paz con las FARC, estuvo de visita en Granada, conoci\u00f3 el Sal\u00f3n del Nunca M\u00e1s, interactu\u00f3 con las v\u00edctimas y miembros de la comunidad, y dej\u00f3 sus puntos de vista sobre el conflicto armado colombiano, el proceso de paz y por supuesto del sal\u00f3n.<\/p>\n","protected":false},"author":1,"featured_media":0,"comment_status":"open","ping_status":"open","sticky":false,"template":"","format":"standard","meta":{"footnotes":""},"categories":[19],"tags":[],"class_list":["post-481","post","type-post","status-publish","format-standard","hentry","category-noticias"],"_links":{"self":[{"href":"https:\/\/www.desdegranada.com\/site\/index.php?rest_route=\/wp\/v2\/posts\/481","targetHints":{"allow":["GET"]}}],"collection":[{"href":"https:\/\/www.desdegranada.com\/site\/index.php?rest_route=\/wp\/v2\/posts"}],"about":[{"href":"https:\/\/www.desdegranada.com\/site\/index.php?rest_route=\/wp\/v2\/types\/post"}],"author":[{"embeddable":true,"href":"https:\/\/www.desdegranada.com\/site\/index.php?rest_route=\/wp\/v2\/users\/1"}],"replies":[{"embeddable":true,"href":"https:\/\/www.desdegranada.com\/site\/index.php?rest_route=%2Fwp%2Fv2%2Fcomments&post=481"}],"version-history":[{"count":0,"href":"https:\/\/www.desdegranada.com\/site\/index.php?rest_route=\/wp\/v2\/posts\/481\/revisions"}],"wp:attachment":[{"href":"https:\/\/www.desdegranada.com\/site\/index.php?rest_route=%2Fwp%2Fv2%2Fmedia&parent=481"}],"wp:term":[{"taxonomy":"category","embeddable":true,"href":"https:\/\/www.desdegranada.com\/site\/index.php?rest_route=%2Fwp%2Fv2%2Fcategories&post=481"},{"taxonomy":"post_tag","embeddable":true,"href":"https:\/\/www.desdegranada.com\/site\/index.php?rest_route=%2Fwp%2Fv2%2Ftags&post=481"}],"curies":[{"name":"wp","href":"https:\/\/api.w.org\/{rel}","templated":true}]}}