{"id":482,"date":"2022-03-16T21:00:49","date_gmt":"2022-03-16T21:00:49","guid":{"rendered":"https:\/\/www.desdegranada.com\/site\/?p=482"},"modified":"2022-03-16T21:00:49","modified_gmt":"2022-03-16T21:00:49","slug":"granadinos-se-solidarizaron-con-afectados-por-el-invierno-en-san-carlos","status":"publish","type":"post","link":"https:\/\/www.desdegranada.com\/site\/?p=482","title":{"rendered":"Granadinos se solidarizaron con afectados por el invierno en San Carlos"},"content":{"rendered":"<p style=\"text-align: justify;\">Estos acontecimientos en el vecino municipio han movido una vez m\u00e1s la solidaridad de todo el pueblo granadino que, respondiendo a la invitaci\u00f3n de la Parroquia Santa B\u00e1rbara, acudieron a donar alimentos, toallas y otros enseres para ayudar a atender a los damnificados.<\/p>\n<p style=\"text-align: justify;\"><img decoding=\"async\" src=\"images\/San_Carlos_solidaridad.jpg\" alt=\"\" \/><\/p>\n<p style=\"text-align: justify;\">Desde las horas de la noche del martes 15 de marzo empezaron a hacerse presentes los primeros granadinos con sus aportes y durante la ma\u00f1ana y hasta el mediod\u00eda del mi\u00e9rcoles se siguieron recibiendo los alimentos y dem\u00e1s, que posteriormente fueron llevados hasta \u2018la costica dulce del Oriente Antioque\u00f1o\u2019 por una delegaci\u00f3n encabezada por el padre Carlos Mario Henao Garc\u00eda para ser entregada a los afectados.<\/p>\n<p style=\"text-align: justify;\">\u201cDe verdad que solo queda agradecer la generosidad del pueblo granadino, se han desbordado en generosidad desde anoche que iniciamos la campa\u00f1a\u201d, manifest\u00f3 el padre Carlos tras el \u00e9xito de la jornada de solidaridad.<\/p>\n<p style=\"text-align: justify;\"><iframe loading=\"lazy\" src=\"\/\/www.youtube.com\/embed\/8wOs2IVtMSc\" width=\"560\" height=\"314\" allowfullscreen=\"allowfullscreen\"><\/iframe><\/p>\n","protected":false},"excerpt":{"rendered":"<p style=\"text-align: justify;\">San Carlos es uno de los municipios del Oriente Antioque\u00f1o que ha sufrido ya los efectos de la primera temporada invernal del a\u00f1o 2022. Con las lluvias del lunes 14 de marzo varias familias se vieron afectadas por inundaciones, movimientos de tierra o vendavales y, muchas de ellas, tuvieron que ser evacuadas y trasladadas a albergues.<\/p>\n","protected":false},"author":1,"featured_media":0,"comment_status":"open","ping_status":"open","sticky":false,"template":"","format":"standard","meta":{"footnotes":""},"categories":[19],"tags":[],"class_list":["post-482","post","type-post","status-publish","format-standard","hentry","category-noticias"],"_links":{"self":[{"href":"https:\/\/www.desdegranada.com\/site\/index.php?rest_route=\/wp\/v2\/posts\/482","targetHints":{"allow":["GET"]}}],"collection":[{"href":"https:\/\/www.desdegranada.com\/site\/index.php?rest_route=\/wp\/v2\/posts"}],"about":[{"href":"https:\/\/www.desdegranada.com\/site\/index.php?rest_route=\/wp\/v2\/types\/post"}],"author":[{"embeddable":true,"href":"https:\/\/www.desdegranada.com\/site\/index.php?rest_route=\/wp\/v2\/users\/1"}],"replies":[{"embeddable":true,"href":"https:\/\/www.desdegranada.com\/site\/index.php?rest_route=%2Fwp%2Fv2%2Fcomments&post=482"}],"version-history":[{"count":0,"href":"https:\/\/www.desdegranada.com\/site\/index.php?rest_route=\/wp\/v2\/posts\/482\/revisions"}],"wp:attachment":[{"href":"https:\/\/www.desdegranada.com\/site\/index.php?rest_route=%2Fwp%2Fv2%2Fmedia&parent=482"}],"wp:term":[{"taxonomy":"category","embeddable":true,"href":"https:\/\/www.desdegranada.com\/site\/index.php?rest_route=%2Fwp%2Fv2%2Fcategories&post=482"},{"taxonomy":"post_tag","embeddable":true,"href":"https:\/\/www.desdegranada.com\/site\/index.php?rest_route=%2Fwp%2Fv2%2Ftags&post=482"}],"curies":[{"name":"wp","href":"https:\/\/api.w.org\/{rel}","templated":true}]}}