{"id":483,"date":"2022-03-17T23:08:06","date_gmt":"2022-03-17T23:08:06","guid":{"rendered":"https:\/\/www.desdegranada.com\/site\/?p=483"},"modified":"2022-03-17T23:08:06","modified_gmt":"2022-03-17T23:08:06","slug":"adjudicado-proyecto-de-pavimentacion-de-via-granada-san-carlos","status":"publish","type":"post","link":"https:\/\/www.desdegranada.com\/site\/?p=483","title":{"rendered":"Adjudicado proyecto de pavimentaci\u00f3n de v\u00eda Granada &#8211; San Carlos"},"content":{"rendered":"<p style=\"text-align: justify;\"><img decoding=\"async\" src=\"images\/Adjudicacin_Granada_-_San_Carlos_2022.jpg\" alt=\"\" \/><\/p>\n<p style=\"text-align: justify;\">El proyecto que tambi\u00e9n contempla el mejoramiento del corredor vial Autopista \u2013 El Ramal &#8211; Granada, tiene un costo estimado de $18.818 millones de pesos y un plazo de 12 meses para su ejecuci\u00f3n a partir de la suscripci\u00f3n del acta de inicio.<\/p>\n<p style=\"text-align: justify;\">Con este anuncio, empieza a ser m\u00e1s real el sue\u00f1o de m\u00e1s de cuarenta a\u00f1os de granadinos y sancarlitanos de ver totalmente pavimentada la v\u00eda. Se espera que en los pr\u00f3ximos d\u00edas el consorcio ganador prepare la documentaci\u00f3n correspondiente para definir el inicio obras.<\/p>\n","protected":false},"excerpt":{"rendered":"<p style=\"text-align: justify;\">Tras desarrollarse todo el proceso de licitaci\u00f3n para la pavimentaci\u00f3n de 9.4 kil\u00f3metros entre Granada y San Carlos, este jueves en horas de la tarde se dio a conocer que el Consorcio V\u00edas Antioquia 2022 result\u00f3 ganador y ser\u00e1 el encargado de ejecutar dicho proyecto, con el que se espera por fin poder conectar con v\u00eda pavimentada a las localidades.<\/p>\n","protected":false},"author":1,"featured_media":0,"comment_status":"open","ping_status":"open","sticky":false,"template":"","format":"standard","meta":{"footnotes":""},"categories":[19],"tags":[],"class_list":["post-483","post","type-post","status-publish","format-standard","hentry","category-noticias"],"_links":{"self":[{"href":"https:\/\/www.desdegranada.com\/site\/index.php?rest_route=\/wp\/v2\/posts\/483","targetHints":{"allow":["GET"]}}],"collection":[{"href":"https:\/\/www.desdegranada.com\/site\/index.php?rest_route=\/wp\/v2\/posts"}],"about":[{"href":"https:\/\/www.desdegranada.com\/site\/index.php?rest_route=\/wp\/v2\/types\/post"}],"author":[{"embeddable":true,"href":"https:\/\/www.desdegranada.com\/site\/index.php?rest_route=\/wp\/v2\/users\/1"}],"replies":[{"embeddable":true,"href":"https:\/\/www.desdegranada.com\/site\/index.php?rest_route=%2Fwp%2Fv2%2Fcomments&post=483"}],"version-history":[{"count":0,"href":"https:\/\/www.desdegranada.com\/site\/index.php?rest_route=\/wp\/v2\/posts\/483\/revisions"}],"wp:attachment":[{"href":"https:\/\/www.desdegranada.com\/site\/index.php?rest_route=%2Fwp%2Fv2%2Fmedia&parent=483"}],"wp:term":[{"taxonomy":"category","embeddable":true,"href":"https:\/\/www.desdegranada.com\/site\/index.php?rest_route=%2Fwp%2Fv2%2Fcategories&post=483"},{"taxonomy":"post_tag","embeddable":true,"href":"https:\/\/www.desdegranada.com\/site\/index.php?rest_route=%2Fwp%2Fv2%2Ftags&post=483"}],"curies":[{"name":"wp","href":"https:\/\/api.w.org\/{rel}","templated":true}]}}