{"id":485,"date":"2022-03-19T14:03:55","date_gmt":"2022-03-19T14:03:55","guid":{"rendered":"https:\/\/www.desdegranada.com\/site\/?p=485"},"modified":"2022-03-19T14:03:55","modified_gmt":"2022-03-19T14:03:55","slug":"en-uci-por-covid","status":"publish","type":"post","link":"https:\/\/www.desdegranada.com\/site\/?p=485","title":{"rendered":"En UCI por COVID\u00a0"},"content":{"rendered":"<p style=\"text-align: justify;\">Por: Jeison A. Giraldo.<\/p>\n<p style=\"text-align: justify;\">Twitter: @Pacho_Carlos<\/p>\n<p style=\"text-align: justify;\">Cuando finalmente se despert\u00f3 luego de todo ese tiempo, a\u00fan sin poder hablar nada, se dio cuenta que estaba en el hospital La Mar\u00eda y que supuestamente \u201cel d\u00eda antes la hab\u00edan conectado a unos aparatos porque le hab\u00eda dado COVID\u201d.<\/p>\n<p style=\"text-align: justify;\">Lo que ella no sab\u00eda era que hab\u00edan pasado 77 d\u00edas desde que el enfermero que la acompa\u00f1aba en la ambulancia, cuando la trasladaban de la Unidad Intermedia de Castilla al hospital La Mar\u00eda, lagrimeaba cuando ella le preguntaba \u201c\u00bfcierto que no me van a intubar?\u201d.<\/p>\n<p style=\"text-align: justify;\">Aunque ella casi no pod\u00eda respirar, cada palabra que le dec\u00eda al enfermero ese d\u00eda del traslado era a cuenta gotas, ten\u00eda la esperanza de que el enfermero le respondiera que no. Ten\u00eda mucho miedo.\u00a0<\/p>\n<p style=\"text-align: justify;\">Ella cree que se contagi\u00f3 celebrando el cumplea\u00f1os. Decidi\u00f3 salir a compartir algunos tragos con sus primos y desde esa noche, comenzaron los s\u00edntomas. Congesti\u00f3n, perdi\u00f3 los sentidos del gusto y el olfato, en el trabajo le daba mucho desaliento y entonces comenz\u00f3 a alarmarse y fue al hospital.<\/p>\n<p style=\"text-align: justify;\">Los m\u00e9dicos le notificaron que la ten\u00edan que trasladar a la Unidad de Cuidados Intensivos UCI y ella llam\u00f3 inmediatamente a su mam\u00e1, cosa que se apurara porque necesitaban que ella firmara.<\/p>\n<p style=\"text-align: justify;\">\u00bfQu\u00e9 sinti\u00f3 cuando los m\u00e9dicos le dieron la noticia que ten\u00eda que ir a UCI?<\/p>\n<p style=\"text-align: justify;\">Mientras ella prepara la respuesta en nota de voz por medio de la aplicaci\u00f3n whatsapp, yo pienso en lo que hubiera hecho si recib\u00eda esa misma noticia.<\/p>\n<p style=\"text-align: justify;\">Yo Mazamorro, har\u00eda un recorrido mental por todos los amigos que he tenido y a cada uno le escribir\u00eda un texto.<\/p>\n<p style=\"text-align: justify;\">Al Torito le dar\u00eda gracias por ser mi hermano de otra mam\u00e1, a Dora por ser mi compa\u00f1\u00eda en esta vida, a la Chava por sus consejos de arranque, a Juliana por ser mi polo a tierra, a Jennifer por llegar a mi vida tan de repente y ense\u00f1arme a vivirla, a Dubian por creer en m\u00ed, a Faiber por la disciplina, a Fercho por ser mi admiraci\u00f3n, a Flash por ser tan bello conmigo, a Aleja \u00abel rejo\u00bb por haber sido mi primer amor, al Gurre por dejarse insultar, a Peluca le dir\u00eda que se consiguiera un nuevo pato pa&#8217; llevar a Santa Ana, a Jorge por las llamadas inexplicables, a Aurelio por fiarme, a Pichingo por darme tanta importancia, a Sebasti\u00e1n Cuervo por sacarme tanto la rabia\u2026. a mi pr\u00edncipe Sebasti\u00e1n Mart\u00ednez le pedir\u00eda que despu\u00e9s de mi muerte, abriera su coraz\u00f3n para irme a vivir en \u00e9l.\u00a0<\/p>\n<p style=\"text-align: justify;\"><img decoding=\"async\" src=\"images\/Estefania.jpg\" alt=\"\" \/>\u00a0<\/p>\n<p style=\"text-align: justify;\"><strong>El reflejo de la vida\u00a0<\/strong><\/p>\n<p style=\"text-align: justify;\">El espejo es un instrumento que nos ha vuelto vanidosos, en \u00e9l se pueden ver los defectos y, adem\u00e1s, nos muestra de qu\u00e9 manera se ha envejecido nuestro cuerpo. Nos gusta agradar, le modelamos y hasta le hacemos caras porque nos encanta vernos bien frente a \u00e9l.<\/p>\n<p style=\"text-align: justify;\">Estefan\u00eda recuerda que lo \u00faltimo que vio antes de ser intubada, fue a la mam\u00e1 en una figura de \u00e1ngel guardi\u00e1n, presentada en forma de madre que fielmente est\u00e1 al cuidado de los hijos.\u00a0<\/p>\n<p style=\"text-align: justify;\">La mam\u00e1 sufri\u00f3 desde que Estefan\u00eda comenz\u00f3 a presentar quebrantos, hasta que se recuper\u00f3.\u00a0<\/p>\n<p style=\"text-align: justify;\">La \u00faltima escena que ella vio, antes de ser intubada fue un espejo transparente y detr\u00e1s de \u00e9l a su madre\u00a0llorando, era un espejo que las divid\u00eda a ellas dos en un hospital, es una especie de cuadro, que esta vez no nos hace vanidosos, nos muestra la debilidad y ahora es\u00a0sin\u00f3nimo de despedida, de incertidumbre, de nostalgia\u2026 un vidrio transparente que\u00a0refleja lo que es la vida.\u00a0<\/p>\n<p style=\"text-align: justify;\">Con la mano, Estefan\u00eda, le hizo se\u00f1as para que le diera la bendici\u00f3n y tambi\u00e9n de que se corriera para no verla m\u00e1s porque eso le afectaba mucho, no quer\u00eda que\u00a0ella la viera quedarse dormida.<\/p>\n<p style=\"text-align: justify;\">Esa posiblemente ser\u00eda la \u00faltima vez que se ver\u00edan, esta vez tras un espejo al que no somos capaz de sonre\u00edrle.\u00a0\u00a0<\/p>\n<p style=\"text-align: justify;\"><strong>La luz al final del t\u00fanel<\/strong><\/p>\n<p style=\"text-align: justify;\">Cuando estaba en la habitaci\u00f3n, todav\u00eda no pod\u00eda hablar, entonces para comunicarse ten\u00eda que ser por se\u00f1as. Las enfermeras permanentemente iban a la habitaci\u00f3n, estaban pendientes de ella para atender las cosas que necesitaba. Un d\u00eda mientras las enfermeras le estaban poniendo los medicamentos \u201cun se\u00f1or moreno con un sombrero de color blanco y camisa gris entr\u00f3 y me repet\u00eda: no se vaya a quedar sola, no se vaya a quedar sola\u201d.<\/p>\n<p style=\"text-align: justify;\">Ella comenz\u00f3 a llorar y agarraba a la enfermera de la mano para que no se fuera, entonces la enfermera le pregunt\u00f3 \u201c\u00bflo vio?\u201d. Ella movi\u00f3 la cabeza asintiendo y entonces la enfermera le contrapregunta \u201c\u00bfd\u00f3nde est\u00e1?\u201d y Estefan\u00eda le hizo se\u00f1as de que estaba detr\u00e1s de ella.<\/p>\n<p style=\"text-align: justify;\">Esa noche ese se\u00f1or no la dej\u00f3 dormir \u201cme rebluj\u00f3 el nocherito que hay en el hospital para poner las cosas personales, me abri\u00f3 la llave del lavamanos y me desconecto. Ja, esa noche vi la luz al final del t\u00fanel y cre\u00ed que me iba a morir, hasta que no me cambiaron de habitaci\u00f3n no me recuper\u00e9 del todo\u201d.<\/p>\n<p>\u00a0<\/p>\n","protected":false},"excerpt":{"rendered":"<p style=\"text-align: justify;\">Antes de despertar en la sala de cuidados intensivos, ella so\u00f1\u00f3 que ve\u00eda al papa Juan Pablo II, \u201cestaba en un cuarto de color blanco\u2026 todo era blanco, yo estaba vestida de color blanco y saltando en un colch\u00f3n y yo le gritaba Juan Pablo, Juan Pablo\u201d, pero \u00e9l no le o\u00eda.\u00a0<\/p>\n","protected":false},"author":1,"featured_media":0,"comment_status":"open","ping_status":"open","sticky":false,"template":"","format":"standard","meta":{"footnotes":""},"categories":[20],"tags":[],"class_list":["post-485","post","type-post","status-publish","format-standard","hentry","category-columnistas"],"_links":{"self":[{"href":"https:\/\/www.desdegranada.com\/site\/index.php?rest_route=\/wp\/v2\/posts\/485","targetHints":{"allow":["GET"]}}],"collection":[{"href":"https:\/\/www.desdegranada.com\/site\/index.php?rest_route=\/wp\/v2\/posts"}],"about":[{"href":"https:\/\/www.desdegranada.com\/site\/index.php?rest_route=\/wp\/v2\/types\/post"}],"author":[{"embeddable":true,"href":"https:\/\/www.desdegranada.com\/site\/index.php?rest_route=\/wp\/v2\/users\/1"}],"replies":[{"embeddable":true,"href":"https:\/\/www.desdegranada.com\/site\/index.php?rest_route=%2Fwp%2Fv2%2Fcomments&post=485"}],"version-history":[{"count":0,"href":"https:\/\/www.desdegranada.com\/site\/index.php?rest_route=\/wp\/v2\/posts\/485\/revisions"}],"wp:attachment":[{"href":"https:\/\/www.desdegranada.com\/site\/index.php?rest_route=%2Fwp%2Fv2%2Fmedia&parent=485"}],"wp:term":[{"taxonomy":"category","embeddable":true,"href":"https:\/\/www.desdegranada.com\/site\/index.php?rest_route=%2Fwp%2Fv2%2Fcategories&post=485"},{"taxonomy":"post_tag","embeddable":true,"href":"https:\/\/www.desdegranada.com\/site\/index.php?rest_route=%2Fwp%2Fv2%2Ftags&post=485"}],"curies":[{"name":"wp","href":"https:\/\/api.w.org\/{rel}","templated":true}]}}