{"id":487,"date":"2022-04-05T16:02:27","date_gmt":"2022-04-05T16:02:27","guid":{"rendered":"https:\/\/www.desdegranada.com\/site\/?p=487"},"modified":"2022-04-05T16:02:27","modified_gmt":"2022-04-05T16:02:27","slug":"entre-avisos-y-oraciones-asi-es-la-semana-santa-en-granada","status":"publish","type":"post","link":"https:\/\/www.desdegranada.com\/site\/?p=487","title":{"rendered":"Entre avisos y oraciones, as\u00ed es la Semana Santa en Granada"},"content":{"rendered":"<p style=\"text-align: justify;\">Por: Jeison A. Giraldo<\/p>\n<\/div>\n<div class=\"itemFullText\">\n<div class=\"itemIntroText\" style=\"text-align: justify;\">\n<p>Twitter: Pacho_Carlos\u00a0<\/p>\n<\/div>\n<p style=\"text-align: justify;\">Pero no solo est\u00e1n los altoparlantes, tambi\u00e9n la emisora o los avisos del padre despu\u00e9s de la comuni\u00f3n en cada eucarist\u00eda.<\/p>\n<p style=\"text-align: justify;\">Por ejemplo la semana de v\u00edsperas el padre le dice a sus fieles: \u201cSe est\u00e1n vendiendo los sirios por familias, todav\u00eda quedan m\u00e1s programaciones por si usted no la tiene en su casa para que la lleve, la puede reclamar con Ferney en el despacho\u00bb. Textualmente\u2026.<\/p>\n<p style=\"text-align: justify;\">Otro que es muy com\u00fan el s\u00e1bado de dolores es \u201cles pedimos muy comedidamente no cortar la palma de cera, ma\u00f1ana en el cementerio van a estar unos se\u00f1ores repartiendo arbolitos que nos mandaron desde CORNARE\u201d.<\/p>\n<p style=\"text-align: justify;\">\u00a1C\u00f3mo me gusta la semana Santa en Granada!<\/p>\n<p style=\"text-align: justify;\">DOMINGO DE RAMOS:<\/p>\n<p style=\"text-align: justify;\">El domingo de ramos se comete el primer pecado. Muy poquitos sab\u00edan que la misa en el templo filial no es a las 8:00 sino a las 7:00 de la ma\u00f1ana. Muchas amas de casa por no ver la programaci\u00f3n, perdieron la madrugada.<\/p>\n<p style=\"text-align: justify;\">Que no nos falte nunca la palabra FAVOR, sobre todo para que&#8230; \u201dlas personas que viven por donde va a pasar la procesi\u00f3n prenda su radio, sintonicen la emisora y nos amplifiquen\u201d.<\/p>\n<p style=\"text-align: justify;\">Escuchen esto: Ustedes todos los d\u00edas de la Semana Santa van a estar escuchando palabras de bienvenida e invitaciones a vivirla con mucho regocijo.<\/p>\n<p style=\"text-align: justify;\">LUNES SANTO:<\/p>\n<p style=\"text-align: justify;\">De repente la comisi\u00f3n de arreglar los altares, se dio cuenta que hay un carro atravesado\u00a0 y que es complicado sacar los pasos y ap\u00f3stoles y es ah\u00ed donde aparece \u201cle pedimos el favor no parquear sus veh\u00edculos al frente del Sal\u00f3n Parroquial\u201d.<\/p>\n<p style=\"text-align: justify;\">En los avisos en la iglesia se oye decir al padre \u201custedes que est\u00e1n en el pueblo y que tienen 4 sacerdotes, aprov\u00e9chenlos. No deje la confesi\u00f3n para el jueves en la ma\u00f1ana, vamos a estar en los confesionarios para que aprovechen con tiempo y dejen que esta semana se confiesen los que vienen de otras partes\u201d.<\/p>\n<p style=\"text-align: justify;\">MARTES SANTO:<\/p>\n<p style=\"text-align: justify;\">Sabemos que todos ustedes tienen los programas en sus casas, pero vamos a recordarles el recorrido de la procesi\u00f3n (coge la calle Bolivar, luego por la carrera Carabobo o por donde los Casta\u00f1os\u2026.)<\/p>\n<p style=\"text-align: justify;\">Hola, hola\u2026.. si, probando sonido, hola. 1, 2, 3 si&#8230; Le pedimos el favor a dos se\u00f1ores tan amables nos ayuden a cargar las cornetas y\u00a0 los pasos.<\/p>\n<p style=\"text-align: justify;\"><img decoding=\"async\" src=\"images\/Asi_es_la_semana_santa_en_Granada_2.jpg\" alt=\"\" \/><\/p>\n<p style=\"text-align: justify;\">MI\u00c9RCOLES SANTO:<\/p>\n<p style=\"text-align: justify;\">Son las 5:45 de la tarde, ya estamos pendientes para salir, de repente se oye decir:\u00a0 \u201c1ro cruz y ciriales, 2do las banderas, 3ro las bandas, 4to\u2026 (Es el orden de la procesi\u00f3n que todos los d\u00edas casi es el mismo).<\/p>\n<p style=\"text-align: justify;\">Despu\u00e9s de misa de 6:30 por los altoparlantes no falta la invitaci\u00f3n a la Pascua Juvenil y la tan famosa de don Abelardo Aristizabal \u201cya sali\u00f3 la revista Granada que circula cada tres meses. Los paisanos que est\u00e9n interesados en tenerla vale 2.000 pesos\u201d.<\/p>\n<p style=\"text-align: justify;\">El mi\u00e9rcoles en la tarde, por lo regular\u00a0 empiezan a llegar los paisanos y las hijas de los paisanos. Con ellas las ganas de uno quedarse pegado.<\/p>\n<p style=\"text-align: justify;\">JUEVES SANTO:<\/p>\n<p style=\"text-align: justify;\">\u00bfDe d\u00f3nde es que sale la procesi\u00f3n hoy? Hay como poquita gente home, \u00bfd\u00f3nde venden los cirios?<\/p>\n<p style=\"text-align: justify;\">Por los mismos cinco mil pesitos, como cada a\u00f1o a usted le ofrecen algo as\u00ed como: \u201cAyudemos la sociedad San Vicente de Pa\u00fal hoy en el banquete de la caridad. Recuerde que con este dinero usted est\u00e1 ayudando a los m\u00e1s necesitados\u201d.<\/p>\n<p style=\"text-align: justify;\">Y agrega: No se vean el partido de la Selecci\u00f3n Colombia, vengan para el lavatorio de los pies. Muchachos en La Jun\u00edn: \u00bfMe escuchan? (Mentiiiraaaaaas).<\/p>\n<p style=\"text-align: justify;\">VIERNES SANTO:<\/p>\n<p style=\"text-align: justify;\">Vamos a perder la seriedad el d\u00eda que aprendamos a no estacionar los veh\u00edculos en la plaza principal el Viernes Santo sabiendo que ah\u00ed es donde se hace la representaci\u00f3n de la sentencia.<\/p>\n<p style=\"text-align: justify;\">Y vamos a perder mucho m\u00e1s la seriedad el d\u00eda que por los altoparlantes no se diga m\u00e1s de 10 veces al propietario del veh\u00edculo de placas:\u00a0 (\u2026) que est\u00e1 estacionado al frente de los tribunales para que lo movilice y la banda de los jud\u00edos pueda dar las dos vueltas con tranquilidad\u201d.<\/p>\n<p style=\"text-align: justify;\">S\u00c1BADO SANTO:<\/p>\n<p style=\"text-align: justify;\">Le damos los agradecimientos a todo el equipo de la emisora, a las diferentes delegaciones que trasnocharon, metieron todo el empuje para que esta Semana Santa saliera de la mejor manera, al coro de don Adolfo.<\/p>\n<p style=\"text-align: justify;\">Gracias tambi\u00e9n al predicador que este a\u00f1o nos vino acompa\u00f1ar y que se va encantado de la Semana Santa, a los seminaristas, a los que nos ayudaron cargando los ap\u00f3stoles\u2026 En fin.<\/p>\n<p style=\"text-align: justify;\">DOMINGO DE RESURRECI\u00d3N:<\/p>\n<p style=\"text-align: justify;\">Este d\u00eda llega un mensaje a trav\u00e9s del whatsapp de ese amigo chistoso que dice: \u201cParce, a las 3 de la tarde mataron a Jes\u00fas\u201d claro, lo mando desde el viernes pero como los datos del celular estaban taaaaan leentos\u2026..<\/p>\n<p style=\"text-align: justify;\">Entre los chismes y charlas de cafeter\u00edas, la gente comienza a decir: \u201cEste a\u00f1o no vino tanta gente, yo recuerdo cuando esa iglesia era que se reveeeentaba\u201d, \u201cese predicador es una belleza, \u00bfc\u00f3mo es que se llama? Ese es de El Santuario\u2026!<\/p>\n<p style=\"text-align: justify;\">Que gran fe tiene mi pueblo.<\/p>\n<p style=\"text-align: justify;\">\u00a1Felices Pascuas!<\/p>\n<p style=\"text-align: justify;\">\u00bfSi se quedaron pegados?<\/p>\n<\/div>\n","protected":false},"excerpt":{"rendered":"<div class=\"itemHeader\">\u00a0<\/div>\n<div class=\"itemIntroText\">\n<p style=\"text-align: justify;\">Esta es una semana que se vive con mucha intensidad, los fieles todo el tiempo est\u00e1n pendientes de que en cualquier momento alguien va a hablar por los altoparlantes, solamente se pueden decir 4 cosas: una informaci\u00f3n, una invitaci\u00f3n, recordar el recorrido de la procesi\u00f3n del d\u00eda o cualquier otro motivo.<\/p>\n","protected":false},"author":1,"featured_media":0,"comment_status":"open","ping_status":"open","sticky":false,"template":"","format":"standard","meta":{"footnotes":""},"categories":[20],"tags":[],"class_list":["post-487","post","type-post","status-publish","format-standard","hentry","category-columnistas"],"_links":{"self":[{"href":"https:\/\/www.desdegranada.com\/site\/index.php?rest_route=\/wp\/v2\/posts\/487","targetHints":{"allow":["GET"]}}],"collection":[{"href":"https:\/\/www.desdegranada.com\/site\/index.php?rest_route=\/wp\/v2\/posts"}],"about":[{"href":"https:\/\/www.desdegranada.com\/site\/index.php?rest_route=\/wp\/v2\/types\/post"}],"author":[{"embeddable":true,"href":"https:\/\/www.desdegranada.com\/site\/index.php?rest_route=\/wp\/v2\/users\/1"}],"replies":[{"embeddable":true,"href":"https:\/\/www.desdegranada.com\/site\/index.php?rest_route=%2Fwp%2Fv2%2Fcomments&post=487"}],"version-history":[{"count":0,"href":"https:\/\/www.desdegranada.com\/site\/index.php?rest_route=\/wp\/v2\/posts\/487\/revisions"}],"wp:attachment":[{"href":"https:\/\/www.desdegranada.com\/site\/index.php?rest_route=%2Fwp%2Fv2%2Fmedia&parent=487"}],"wp:term":[{"taxonomy":"category","embeddable":true,"href":"https:\/\/www.desdegranada.com\/site\/index.php?rest_route=%2Fwp%2Fv2%2Fcategories&post=487"},{"taxonomy":"post_tag","embeddable":true,"href":"https:\/\/www.desdegranada.com\/site\/index.php?rest_route=%2Fwp%2Fv2%2Ftags&post=487"}],"curies":[{"name":"wp","href":"https:\/\/api.w.org\/{rel}","templated":true}]}}