{"id":488,"date":"2022-04-09T15:29:41","date_gmt":"2022-04-09T15:29:41","guid":{"rendered":"https:\/\/www.desdegranada.com\/site\/?p=488"},"modified":"2022-04-09T15:29:41","modified_gmt":"2022-04-09T15:29:41","slug":"granada-se-viste-de-deporte-con-la-v-copa-de-baloncesto-coogranada","status":"publish","type":"post","link":"https:\/\/www.desdegranada.com\/site\/?p=488","title":{"rendered":"Granada se viste de deporte con la V Copa de Baloncesto Coogranada"},"content":{"rendered":"<p style=\"text-align: justify;\">Varios equipos del departamento de Antioquia, adem\u00e1s de Marquetalia, Caldas, equipo invitado, se dar\u00e1n cita cada d\u00eda, hasta el pr\u00f3ximo mi\u00e9rcoles, con el deporte de la pelota naranja en el coliseo municipal para disfrutar de las cestas, jugadas y emociones que esta disciplina despierta.<\/p>\n<p style=\"text-align: justify;\"><img decoding=\"async\" src=\"images\/5_copa_de_baloncesto.jpg\" alt=\"\" \/><\/p>\n<p style=\"text-align: justify;\">Un total de 13 delegaciones que re\u00fanen 35 equipos en las categor\u00edas sub 15 y sub 17 masculino y femenino, se sumar\u00e1n a los representativos de Granada para competir y definir al mejor equipo de esta quinta copa.<\/p>\n<p style=\"text-align: justify;\">\u201cTodos los equipos vienen armados, con la intenci\u00f3n de ganarse el torneo. Saben que es un torneo competitivo y han entrenado para eso\u201d, recalca el entrenador del Club de Baloncesto Coogranada, Cristian Saldarriaga.<\/p>\n<p style=\"text-align: justify;\"><img decoding=\"async\" src=\"images\/5_copa_de_baloncesto_2.jpg\" alt=\"\" \/><\/p>\n<p style=\"text-align: justify;\">Los partidos inician desde las 7 de la ma\u00f1ana en las dos canchas del coliseo municipal, programaci\u00f3n que se extender\u00e1 todos los d\u00edas hasta las 10.30- 11:00 pm aproximadamente. \u00a0\u00a0<\/p>\n","protected":false},"excerpt":{"rendered":"<p style=\"text-align: justify;\">Desde este s\u00e1bado 9 y hasta el mi\u00e9rcoles13 de abril, Granada se viste de deporte. A partir de las dos de la tarde la V Copa de Baloncesto Coogranada inicia con la programaci\u00f3n deportiva, y a las 5 de la tarde, se realizar\u00e1 el acto inaugural con todas las delegaciones que visitan el municipio para participar de este torneo que ya es reconocido en el \u00e1mbito nacional.<\/p>\n","protected":false},"author":1,"featured_media":0,"comment_status":"open","ping_status":"open","sticky":false,"template":"","format":"standard","meta":{"footnotes":""},"categories":[19],"tags":[],"class_list":["post-488","post","type-post","status-publish","format-standard","hentry","category-noticias"],"_links":{"self":[{"href":"https:\/\/www.desdegranada.com\/site\/index.php?rest_route=\/wp\/v2\/posts\/488","targetHints":{"allow":["GET"]}}],"collection":[{"href":"https:\/\/www.desdegranada.com\/site\/index.php?rest_route=\/wp\/v2\/posts"}],"about":[{"href":"https:\/\/www.desdegranada.com\/site\/index.php?rest_route=\/wp\/v2\/types\/post"}],"author":[{"embeddable":true,"href":"https:\/\/www.desdegranada.com\/site\/index.php?rest_route=\/wp\/v2\/users\/1"}],"replies":[{"embeddable":true,"href":"https:\/\/www.desdegranada.com\/site\/index.php?rest_route=%2Fwp%2Fv2%2Fcomments&post=488"}],"version-history":[{"count":0,"href":"https:\/\/www.desdegranada.com\/site\/index.php?rest_route=\/wp\/v2\/posts\/488\/revisions"}],"wp:attachment":[{"href":"https:\/\/www.desdegranada.com\/site\/index.php?rest_route=%2Fwp%2Fv2%2Fmedia&parent=488"}],"wp:term":[{"taxonomy":"category","embeddable":true,"href":"https:\/\/www.desdegranada.com\/site\/index.php?rest_route=%2Fwp%2Fv2%2Fcategories&post=488"},{"taxonomy":"post_tag","embeddable":true,"href":"https:\/\/www.desdegranada.com\/site\/index.php?rest_route=%2Fwp%2Fv2%2Ftags&post=488"}],"curies":[{"name":"wp","href":"https:\/\/api.w.org\/{rel}","templated":true}]}}