{"id":492,"date":"2022-04-22T15:29:00","date_gmt":"2022-04-22T15:29:00","guid":{"rendered":"https:\/\/www.desdegranada.com\/site\/?p=492"},"modified":"2022-04-22T15:29:00","modified_gmt":"2022-04-22T15:29:00","slug":"aportes-del-cooperativismo-al-desarrollo-sostenible-tema-principal-del-encuentro-de-economia-solidaria-en-granada","status":"publish","type":"post","link":"https:\/\/www.desdegranada.com\/site\/?p=492","title":{"rendered":"Aportes del cooperativismo al desarrollo sostenible, tema principal del encuentro de econom\u00eda solidaria en Granada"},"content":{"rendered":"<p style=\"text-align: justify;\">Adem\u00e1s de conversar sobre cooperativismo y plantear estrategias para el fortalecimiento del sector solidario, el espacio sirvi\u00f3 para dar a conocer los resultados de la investigaci\u00f3n \u201cObjetivos de desarrollo sostenible y buenas pr\u00e1cticas de econom\u00eda solidaria en el oriente antioque\u00f1o\u201d.<\/p>\n<p style=\"text-align: justify;\">Sobre la investigaci\u00f3n, que se lider\u00f3 desde la Fundaci\u00f3n Solidaria del Oriente Antioque\u00f1o con la Universidad Luis Amig\u00f3, Ver\u00f3nica Vahos, directora zonal de la cooperativa Confiar explic\u00f3: \u201ccomenzamos a estructurar una propuesta para identificar como las cooperativas le aportan al cumplimiento de los objetivos de desarrollo sostenible dise\u00f1ados por Naciones Unidas para alcanzar unos niveles de vida digna\u201d y destac\u00f3 adem\u00e1s que \u201clas cooperativas aportan en el tema de inclusi\u00f3n de la poblaci\u00f3n m\u00e1s vulnerable, como campesinos y mujeres\u201d.<\/p>\n<p style=\"text-align: justify;\"><img decoding=\"async\" src=\"images\/Encuentro_economa_solidaria_2.jpg\" alt=\"\" \/><\/p>\n<p style=\"text-align: justify;\">\u201cUn poco lo que muestra el libro es que las acciones del cooperativismo en el oriente antioque\u00f1o, contribuyen al desarrollo sostenible del territorio\u201d, expres\u00f3 Luis Fernando Calle, director de la Fundaci\u00f3n Solidaria del Oriente Antioque\u00f1o FUSOAN, mientras que Fernando G\u00f3mez, director ejecutivo de Confecoop Antioquia resalt\u00f3 \u201ccomo las cooperativas y las organizaciones de econom\u00eda solidaria han aportado significativamente a la paz y al desarrollo de ese factor comunidad\u201d.<\/p>\n<p style=\"text-align: justify;\">Las distintas formas de trabajo asociativo y cooperativo han sido protagonistas en el desarrollo de las comunidades, y con un sector solidario consolidado en la regi\u00f3n, el reto pasa por integrar a m\u00e1s personas y comunidades a este modelo.<\/p>\n","protected":false},"excerpt":{"rendered":"<p style=\"text-align: justify;\">La cuna del cooperativismo colombiano y municipio solidario por excelencia, Granada, acogi\u00f3 un nuevo encuentro de econom\u00eda solidaria, que cont\u00f3 con la participaci\u00f3n de varias cooperativas del departamento y personalidades destacadas en el sector como el escritor y profesor chileno Luis Razeto Migliaro.<\/p>\n","protected":false},"author":1,"featured_media":0,"comment_status":"open","ping_status":"open","sticky":false,"template":"","format":"standard","meta":{"footnotes":""},"categories":[19],"tags":[],"class_list":["post-492","post","type-post","status-publish","format-standard","hentry","category-noticias"],"_links":{"self":[{"href":"https:\/\/www.desdegranada.com\/site\/index.php?rest_route=\/wp\/v2\/posts\/492","targetHints":{"allow":["GET"]}}],"collection":[{"href":"https:\/\/www.desdegranada.com\/site\/index.php?rest_route=\/wp\/v2\/posts"}],"about":[{"href":"https:\/\/www.desdegranada.com\/site\/index.php?rest_route=\/wp\/v2\/types\/post"}],"author":[{"embeddable":true,"href":"https:\/\/www.desdegranada.com\/site\/index.php?rest_route=\/wp\/v2\/users\/1"}],"replies":[{"embeddable":true,"href":"https:\/\/www.desdegranada.com\/site\/index.php?rest_route=%2Fwp%2Fv2%2Fcomments&post=492"}],"version-history":[{"count":0,"href":"https:\/\/www.desdegranada.com\/site\/index.php?rest_route=\/wp\/v2\/posts\/492\/revisions"}],"wp:attachment":[{"href":"https:\/\/www.desdegranada.com\/site\/index.php?rest_route=%2Fwp%2Fv2%2Fmedia&parent=492"}],"wp:term":[{"taxonomy":"category","embeddable":true,"href":"https:\/\/www.desdegranada.com\/site\/index.php?rest_route=%2Fwp%2Fv2%2Fcategories&post=492"},{"taxonomy":"post_tag","embeddable":true,"href":"https:\/\/www.desdegranada.com\/site\/index.php?rest_route=%2Fwp%2Fv2%2Ftags&post=492"}],"curies":[{"name":"wp","href":"https:\/\/api.w.org\/{rel}","templated":true}]}}