{"id":493,"date":"2022-04-23T20:07:46","date_gmt":"2022-04-23T20:07:46","guid":{"rendered":"https:\/\/www.desdegranada.com\/site\/?p=493"},"modified":"2022-04-23T20:07:46","modified_gmt":"2022-04-23T20:07:46","slug":"granada-incomunicado-con-la-autopista-medellin-bogota-por-perdida-de-banca-en-el-matadero","status":"publish","type":"post","link":"https:\/\/www.desdegranada.com\/site\/?p=493","title":{"rendered":"Granada incomunicado con la autopista Medell\u00edn -Bogot\u00e1 por p\u00e9rdida de banca en El Matadero"},"content":{"rendered":"<p style=\"text-align: justify;\"><img decoding=\"async\" src=\"images\/Va_El_Matadero.jpg\" alt=\"\" \/><\/p>\n<p style=\"text-align: justify;\">Las lluvias de los \u00faltimos d\u00edas y el paso de una quebrada por debajo de la v\u00eda, sumado al constante paso de automotores, tanto hacia el municipio como a la localidad vecina de San Carlos, gener\u00f3 el colapso total de la v\u00eda hacia el medio d\u00eda de este 23 de abril.<\/p>\n<p style=\"text-align: justify;\">A la espera de que funcionarios de la Secretar\u00eda de Infraestructura F\u00edsica del departamento hagan presencia en el punto para evaluar la situaci\u00f3n y dar una soluci\u00f3n temporal, mediante transbordo, los usuarios de la v\u00eda tratan de llegar a sus destinos. La Flota Granada est\u00e1 despachando normalmente sus veh\u00edculos hacia Rionegro y Medell\u00edn.<\/p>\n<p>\u00a0<\/p>\n<p>\u00a0<\/p>\n<p>\u00a0<\/p>\n","protected":false},"excerpt":{"rendered":"<p style=\"text-align: justify;\">Desde el 10 de abril, cuando se report\u00f3 el hundimiento de parte de la calzada en el sector El Matadero, dejando habilitado un solo carril para el tr\u00e1nsito de veh\u00edculos entre Granada y El Santuario, solamente transcurrieron 13 d\u00edas m\u00e1s para que la v\u00eda cediera casi en su totalidad y dejara incomunicado al municipio con la autopista Medell\u00edn &#8211; Bogot\u00e1.<\/p>\n","protected":false},"author":1,"featured_media":0,"comment_status":"open","ping_status":"open","sticky":false,"template":"","format":"standard","meta":{"footnotes":""},"categories":[19],"tags":[],"class_list":["post-493","post","type-post","status-publish","format-standard","hentry","category-noticias"],"_links":{"self":[{"href":"https:\/\/www.desdegranada.com\/site\/index.php?rest_route=\/wp\/v2\/posts\/493","targetHints":{"allow":["GET"]}}],"collection":[{"href":"https:\/\/www.desdegranada.com\/site\/index.php?rest_route=\/wp\/v2\/posts"}],"about":[{"href":"https:\/\/www.desdegranada.com\/site\/index.php?rest_route=\/wp\/v2\/types\/post"}],"author":[{"embeddable":true,"href":"https:\/\/www.desdegranada.com\/site\/index.php?rest_route=\/wp\/v2\/users\/1"}],"replies":[{"embeddable":true,"href":"https:\/\/www.desdegranada.com\/site\/index.php?rest_route=%2Fwp%2Fv2%2Fcomments&post=493"}],"version-history":[{"count":0,"href":"https:\/\/www.desdegranada.com\/site\/index.php?rest_route=\/wp\/v2\/posts\/493\/revisions"}],"wp:attachment":[{"href":"https:\/\/www.desdegranada.com\/site\/index.php?rest_route=%2Fwp%2Fv2%2Fmedia&parent=493"}],"wp:term":[{"taxonomy":"category","embeddable":true,"href":"https:\/\/www.desdegranada.com\/site\/index.php?rest_route=%2Fwp%2Fv2%2Fcategories&post=493"},{"taxonomy":"post_tag","embeddable":true,"href":"https:\/\/www.desdegranada.com\/site\/index.php?rest_route=%2Fwp%2Fv2%2Ftags&post=493"}],"curies":[{"name":"wp","href":"https:\/\/api.w.org\/{rel}","templated":true}]}}