{"id":513,"date":"2022-06-06T20:52:28","date_gmt":"2022-06-06T20:52:28","guid":{"rendered":"https:\/\/www.desdegranada.com\/site\/?p=513"},"modified":"2022-06-06T20:52:28","modified_gmt":"2022-06-06T20:52:28","slug":"designado-el-nuevo-vicario-que-llegara-a-completar-el-equipo-sacerdotal-de-granada","status":"publish","type":"post","link":"https:\/\/www.desdegranada.com\/site\/?p=513","title":{"rendered":"Designado el nuevo vicario que llegar\u00e1 a completar el equipo sacerdotal de Granada"},"content":{"rendered":"<p style=\"text-align: justify;\"><img loading=\"lazy\" decoding=\"async\" src=\"images\/Padre_Camilo_Atehorta_2.jpg\" width=\"750\" height=\"439\" \/><\/p>\n<p style=\"text-align: justify;\">El anuncio fue hecho el pasado 4 de junio por el obispo Monse\u00f1or Fidel Le\u00f3n Cadavid Mar\u00edn, a trav\u00e9s de la web de la Di\u00f3cesis de Sons\u00f3n \u2013 Rionegro (decreto N\u00b0023 de 2022), y fue confirmado por el P\u00e1rroco Sergio Augusto Botero Duque este lunes en el espacio radial \u2018La palabra de Dios es viva y eficaz\u2019 que tiene la parroquia en Granada Stereo.<\/p>\n<p style=\"text-align: justify;\">Con el cambio del padre Carlos Mario, antes de iniciar la Semana Santa, los dem\u00e1s sacerdotes de la parroquia vieron multiplicado su trabajo para poder cumplir con el gran n\u00famero de responsabilidades que se generan en la parroquia, pero en pocos d\u00edas nuevamente el equipo sacerdotal del municipio quedar\u00e1 completo con el padre Camilo.<\/p>\n<p style=\"text-align: justify;\"><img loading=\"lazy\" decoding=\"async\" src=\"images\/Padre_Camilo_Atehorta_3.jpg\" alt=\"\" width=\"750\" height=\"439\" \/><\/p>\n<p style=\"text-align: justify;\">El nuevo sacerdote, quien recibi\u00f3 su ordenaci\u00f3n el pasado 4 de junio, es oriundo del municipio de El Santuario y se espera que en aproximadamente 15 d\u00edas est\u00e9 dentro de la comunidad granadina prestando sus servicios pastorales.<\/p>\n","protected":false},"excerpt":{"rendered":"<p style=\"text-align: justify;\">Con el sacerdote Camilo Andr\u00e9s Atehort\u00faa Atehort\u00faa, se completar\u00e1 nuevamente el equipo de vicarios de la parroquia Santa B\u00e1rbara del municipio.<\/p>\n","protected":false},"author":1,"featured_media":0,"comment_status":"open","ping_status":"open","sticky":false,"template":"","format":"standard","meta":{"footnotes":""},"categories":[19],"tags":[],"class_list":["post-513","post","type-post","status-publish","format-standard","hentry","category-noticias"],"_links":{"self":[{"href":"https:\/\/www.desdegranada.com\/site\/index.php?rest_route=\/wp\/v2\/posts\/513","targetHints":{"allow":["GET"]}}],"collection":[{"href":"https:\/\/www.desdegranada.com\/site\/index.php?rest_route=\/wp\/v2\/posts"}],"about":[{"href":"https:\/\/www.desdegranada.com\/site\/index.php?rest_route=\/wp\/v2\/types\/post"}],"author":[{"embeddable":true,"href":"https:\/\/www.desdegranada.com\/site\/index.php?rest_route=\/wp\/v2\/users\/1"}],"replies":[{"embeddable":true,"href":"https:\/\/www.desdegranada.com\/site\/index.php?rest_route=%2Fwp%2Fv2%2Fcomments&post=513"}],"version-history":[{"count":0,"href":"https:\/\/www.desdegranada.com\/site\/index.php?rest_route=\/wp\/v2\/posts\/513\/revisions"}],"wp:attachment":[{"href":"https:\/\/www.desdegranada.com\/site\/index.php?rest_route=%2Fwp%2Fv2%2Fmedia&parent=513"}],"wp:term":[{"taxonomy":"category","embeddable":true,"href":"https:\/\/www.desdegranada.com\/site\/index.php?rest_route=%2Fwp%2Fv2%2Fcategories&post=513"},{"taxonomy":"post_tag","embeddable":true,"href":"https:\/\/www.desdegranada.com\/site\/index.php?rest_route=%2Fwp%2Fv2%2Ftags&post=513"}],"curies":[{"name":"wp","href":"https:\/\/api.w.org\/{rel}","templated":true}]}}