{"id":514,"date":"2022-06-11T15:43:59","date_gmt":"2022-06-11T15:43:59","guid":{"rendered":"https:\/\/www.desdegranada.com\/site\/?p=514"},"modified":"2022-06-11T15:43:59","modified_gmt":"2022-06-11T15:43:59","slug":"con-placa-huella-se-intervendran-2-kilometros-de-via-entre-cruces-y-el-oso","status":"publish","type":"post","link":"https:\/\/www.desdegranada.com\/site\/?p=514","title":{"rendered":"Con placa huella se intervendr\u00e1n 2 kil\u00f3metros de v\u00eda entre Cruces y El Oso"},"content":{"rendered":"<p style=\"text-align: justify;\"><img loading=\"lazy\" decoding=\"async\" src=\"images\/va_Cruces_-_El_Oso_1.jpg\" alt=\"\" width=\"750\" height=\"439\" \/><\/p>\n<p style=\"text-align: justify;\">Dentro de la comunidad hay alegr\u00eda por el anuncio de este mejoramiento, dado el impacto que una v\u00eda en buenas condiciones genera en la calidad de vida del campesinado. Adem\u00e1s, es una manera en que la institucionalidad devuelve a esta zona, tan afectada por el conflicto, algo de lo que la guerra les arrebat\u00f3.<\/p>\n<p style=\"text-align: justify;\">\u201cYo me imagino que con la placa huella que van a hacer vuelve la gente a las veredas, vuelven otra vez a sembrar\u201d, expresa Pedro Eugenio Galeano, habitante de la zona. Socorro L\u00f3pez por su parte resalta que \u201cme siento muy contenta porque eso le da mucha presencia a las casas\u201d.<\/p>\n<p style=\"text-align: justify;\"><img loading=\"lazy\" decoding=\"async\" src=\"images\/va_Cruces_-_El_Oso_2.jpg\" alt=\"\" width=\"750\" height=\"439\" \/><\/p>\n<p style=\"text-align: justify;\">Ser\u00e1 un trayecto de aproximadamente 2 km el que se intervendr\u00e1 con el sistema de placa huella entre las veredas Cruces y El Oso.<\/p>\n<p style=\"text-align: justify;\">\u201cUna inversi\u00f3n de casi 2 mil millones de pesos donde la Gobernaci\u00f3n de Antioquia est\u00e1 colocando un 50%, el municipio de Granada coloca otro tanto para as\u00ed en la medida de lo posible intervenir dos kil\u00f3metros\u201d, dijo el alcalde Freddy Casta\u00f1o sobre el monto de la inversi\u00f3n.<\/p>\n<p style=\"text-align: justify;\">Con el ejercicio de socializaci\u00f3n, que tuvo lugar el domingo 5 de junio, arranca una segunda etapa de este importante proyecto que busca mejorar la conexi\u00f3n vial entre el municipio y el corregimiento de Santa Ana.<\/p>\n","protected":false},"excerpt":{"rendered":"<p style=\"text-align: justify;\">Una v\u00eda terciaria pavimentada es el sue\u00f1o de toda comunidad campesina, aunque es tambi\u00e9n a veces algo impensado debido a la poca disponibilidad de recursos de la administraci\u00f3n municipal para cofinaciar proyectos de este tipo, pero desde finales de 2019, para los pobladores de la vereda La Quiebra y vecinas esta percepci\u00f3n ha cambiado, pues con un proyecto de la Provincia del Agua, Bosques y Turismo se logr\u00f3 intervenir con pavimento 1.7 kil\u00f3metros\u00a0 de v\u00eda y\u00a0 ahora con recursos provenienientes de un empr\u00e9stito aprobado por el concejo municipal y otro aporte importante de la Gobernaci\u00f3n de Antioquia se llevar\u00e1 a cabo un nuevo mejoramiento.<\/p>\n","protected":false},"author":1,"featured_media":0,"comment_status":"open","ping_status":"open","sticky":false,"template":"","format":"standard","meta":{"footnotes":""},"categories":[19],"tags":[],"class_list":["post-514","post","type-post","status-publish","format-standard","hentry","category-noticias"],"_links":{"self":[{"href":"https:\/\/www.desdegranada.com\/site\/index.php?rest_route=\/wp\/v2\/posts\/514","targetHints":{"allow":["GET"]}}],"collection":[{"href":"https:\/\/www.desdegranada.com\/site\/index.php?rest_route=\/wp\/v2\/posts"}],"about":[{"href":"https:\/\/www.desdegranada.com\/site\/index.php?rest_route=\/wp\/v2\/types\/post"}],"author":[{"embeddable":true,"href":"https:\/\/www.desdegranada.com\/site\/index.php?rest_route=\/wp\/v2\/users\/1"}],"replies":[{"embeddable":true,"href":"https:\/\/www.desdegranada.com\/site\/index.php?rest_route=%2Fwp%2Fv2%2Fcomments&post=514"}],"version-history":[{"count":0,"href":"https:\/\/www.desdegranada.com\/site\/index.php?rest_route=\/wp\/v2\/posts\/514\/revisions"}],"wp:attachment":[{"href":"https:\/\/www.desdegranada.com\/site\/index.php?rest_route=%2Fwp%2Fv2%2Fmedia&parent=514"}],"wp:term":[{"taxonomy":"category","embeddable":true,"href":"https:\/\/www.desdegranada.com\/site\/index.php?rest_route=%2Fwp%2Fv2%2Fcategories&post=514"},{"taxonomy":"post_tag","embeddable":true,"href":"https:\/\/www.desdegranada.com\/site\/index.php?rest_route=%2Fwp%2Fv2%2Ftags&post=514"}],"curies":[{"name":"wp","href":"https:\/\/api.w.org\/{rel}","templated":true}]}}