{"id":515,"date":"2022-06-13T16:50:23","date_gmt":"2022-06-13T16:50:23","guid":{"rendered":"https:\/\/www.desdegranada.com\/site\/?p=515"},"modified":"2022-06-13T16:50:23","modified_gmt":"2022-06-13T16:50:23","slug":"ojo-habra-cierre-total-en-la-via-granada-autopista-los-dias-martes-y-miercoles","status":"publish","type":"post","link":"https:\/\/www.desdegranada.com\/site\/?p=515","title":{"rendered":"\u00a1Ojo! Habr\u00e1 cierre total en la v\u00eda Granada &#8211; Autopista los d\u00edas martes y mi\u00e9rcoles"},"content":{"rendered":"<p style=\"text-align: justify;\"><img decoding=\"async\" src=\"images\/Cierre_va_14_de_junio.jpg\" alt=\"\" \/><\/p>\n<p style=\"text-align: justify;\">El martes 14 en el kil\u00f3metro 5+900 tendr\u00e1n lugar los primeros trabajos y el mi\u00e9rcoles 15 se llevar\u00e1n a cabo diferentes obras en el kil\u00f3metro 0+900.<\/p>\n<p style=\"text-align: justify;\">Dichas intervenciones tienen como fin desarrollar obras de recuperaci\u00f3n y mitigaci\u00f3n para garantizar la transitabilidad en este corredor vial. Los cierres mencionados podr\u00edan suspenderse por las condiciones clim\u00e1ticas y pensando en la seguridad de los funcionarios.<\/p>\n","protected":false},"excerpt":{"rendered":"<p style=\"text-align: justify;\">Los d\u00edas martes 14 y mi\u00e9rcoles 15 de junio la Secretar\u00eda de Infraestructura F\u00edsica de la Gobernaci\u00f3n de Antioquia llevar\u00e1 a cabo obras de intervenci\u00f3n de dos de los puntos cr\u00edticos que se presentan sobre la v\u00eda Granada \u2013 Autopista, por lo que habr\u00e1 cierre total de la v\u00eda entre las 8:00a.m. y las 4:00p.m. durante estos dos d\u00edas.<\/p>\n","protected":false},"author":1,"featured_media":0,"comment_status":"open","ping_status":"open","sticky":false,"template":"","format":"standard","meta":{"footnotes":""},"categories":[19],"tags":[],"class_list":["post-515","post","type-post","status-publish","format-standard","hentry","category-noticias"],"_links":{"self":[{"href":"https:\/\/www.desdegranada.com\/site\/index.php?rest_route=\/wp\/v2\/posts\/515","targetHints":{"allow":["GET"]}}],"collection":[{"href":"https:\/\/www.desdegranada.com\/site\/index.php?rest_route=\/wp\/v2\/posts"}],"about":[{"href":"https:\/\/www.desdegranada.com\/site\/index.php?rest_route=\/wp\/v2\/types\/post"}],"author":[{"embeddable":true,"href":"https:\/\/www.desdegranada.com\/site\/index.php?rest_route=\/wp\/v2\/users\/1"}],"replies":[{"embeddable":true,"href":"https:\/\/www.desdegranada.com\/site\/index.php?rest_route=%2Fwp%2Fv2%2Fcomments&post=515"}],"version-history":[{"count":0,"href":"https:\/\/www.desdegranada.com\/site\/index.php?rest_route=\/wp\/v2\/posts\/515\/revisions"}],"wp:attachment":[{"href":"https:\/\/www.desdegranada.com\/site\/index.php?rest_route=%2Fwp%2Fv2%2Fmedia&parent=515"}],"wp:term":[{"taxonomy":"category","embeddable":true,"href":"https:\/\/www.desdegranada.com\/site\/index.php?rest_route=%2Fwp%2Fv2%2Fcategories&post=515"},{"taxonomy":"post_tag","embeddable":true,"href":"https:\/\/www.desdegranada.com\/site\/index.php?rest_route=%2Fwp%2Fv2%2Ftags&post=515"}],"curies":[{"name":"wp","href":"https:\/\/api.w.org\/{rel}","templated":true}]}}