{"id":516,"date":"2022-06-13T17:38:58","date_gmt":"2022-06-13T17:38:58","guid":{"rendered":"https:\/\/www.desdegranada.com\/site\/?p=516"},"modified":"2022-06-13T17:38:58","modified_gmt":"2022-06-13T17:38:58","slug":"como-trabajara-flota-granada-durante-el-cierre-total-de-la-via-granada-autopista","status":"publish","type":"post","link":"https:\/\/www.desdegranada.com\/site\/?p=516","title":{"rendered":"\u00bfC\u00f3mo trabajar\u00e1 Flota Granada durante el cierre total de la v\u00eda Granada \u2013 Autopista?"},"content":{"rendered":"<p style=\"text-align: justify;\">Es por ello que, para garantizar el desplazamiento de pasajeros hacia Rionegro y Medell\u00edn durante el tiempo de cierre, la Flota Granada ha adoptado como medida realizar trasbordos en los puntos donde se est\u00e9n llevando a cabo las intervenciones tanto martes como mi\u00e9rcoles.<\/p>\n<p style=\"text-align: justify;\">\u201cSe va a prestar el servicio normal desde las 5:00a.m. hasta las 8:00a.; despu\u00e9s, de las 8:00a.m. hasta las 4:00p.m, hay cierre de la v\u00eda en el kil\u00f3metro 5+900, pero all\u00ed se har\u00e1 trasbordo para las diferentes rutas hacia Medell\u00edn y hacia Rionegro, y nuevamente retomamos el servicio con normalidad desde las 4:00p.m. De igual manera se prestar\u00e1 el servicio el d\u00eda mi\u00e9rcoles con trasbordo en el kil\u00f3metro 0+900\u201d, explic\u00f3 el gerente de Flota Granada Guillermo G\u00f3mez.<\/p>\n<p style=\"text-align: justify;\">Por otro lado, dentro del comunicado en el que se anuncian estas intervenciones, la Gobernaci\u00f3n de Antioquia ha propuesto como v\u00eda alterna la ruta Granada &#8211; San Carlos &#8211; San Rafael &#8211; Guatap\u00e9.<\/p>\n","protected":false},"excerpt":{"rendered":"<p style=\"text-align: justify;\">Varias obras de recuperaci\u00f3n y de mitigaci\u00f3n desarrollar\u00e1 la Gobernaci\u00f3n de Antioquia este martes y mi\u00e9rcoles pr\u00f3ximos en el corredor vial Granada \u2013 Autopista, lo que implicar\u00e1 el cierre total de esta v\u00eda en un per\u00edodo de tiempo de 8:00am. a 4:00p.m durante los dos d\u00edas.<\/p>\n","protected":false},"author":1,"featured_media":0,"comment_status":"open","ping_status":"open","sticky":false,"template":"","format":"standard","meta":{"footnotes":""},"categories":[19],"tags":[],"class_list":["post-516","post","type-post","status-publish","format-standard","hentry","category-noticias"],"_links":{"self":[{"href":"https:\/\/www.desdegranada.com\/site\/index.php?rest_route=\/wp\/v2\/posts\/516","targetHints":{"allow":["GET"]}}],"collection":[{"href":"https:\/\/www.desdegranada.com\/site\/index.php?rest_route=\/wp\/v2\/posts"}],"about":[{"href":"https:\/\/www.desdegranada.com\/site\/index.php?rest_route=\/wp\/v2\/types\/post"}],"author":[{"embeddable":true,"href":"https:\/\/www.desdegranada.com\/site\/index.php?rest_route=\/wp\/v2\/users\/1"}],"replies":[{"embeddable":true,"href":"https:\/\/www.desdegranada.com\/site\/index.php?rest_route=%2Fwp%2Fv2%2Fcomments&post=516"}],"version-history":[{"count":0,"href":"https:\/\/www.desdegranada.com\/site\/index.php?rest_route=\/wp\/v2\/posts\/516\/revisions"}],"wp:attachment":[{"href":"https:\/\/www.desdegranada.com\/site\/index.php?rest_route=%2Fwp%2Fv2%2Fmedia&parent=516"}],"wp:term":[{"taxonomy":"category","embeddable":true,"href":"https:\/\/www.desdegranada.com\/site\/index.php?rest_route=%2Fwp%2Fv2%2Fcategories&post=516"},{"taxonomy":"post_tag","embeddable":true,"href":"https:\/\/www.desdegranada.com\/site\/index.php?rest_route=%2Fwp%2Fv2%2Ftags&post=516"}],"curies":[{"name":"wp","href":"https:\/\/api.w.org\/{rel}","templated":true}]}}