{"id":518,"date":"2022-06-17T22:31:17","date_gmt":"2022-06-17T22:31:17","guid":{"rendered":"https:\/\/www.desdegranada.com\/site\/?p=518"},"modified":"2022-06-17T22:31:17","modified_gmt":"2022-06-17T22:31:17","slug":"socorro-lopez-una-mujer-enamorada-de-dios-y-su-familia-y-dispuesta-a-servir-al-projimo-y-a-su-comunidad","status":"publish","type":"post","link":"https:\/\/www.desdegranada.com\/site\/?p=518","title":{"rendered":"Socorro L\u00f3pez, una mujer enamorada de Dios y su familia, y dispuesta a servir al pr\u00f3jimo y a su comunidad"},"content":{"rendered":"<p style=\"text-align: justify;\">Por: Faiber Salazar<\/p>\n<p style=\"text-align: justify;\">Twitter: @soy_fai<\/p>\n<p style=\"text-align: justify;\">En la vereda La Quiebra y con los primeros destellos del amanecer, inicia el d\u00eda de do\u00f1a Socorro que, antes de atender con un caf\u00e9 a los hombres de la casa, que se disponen a ir a realizar las labores del campo, pone en manos del Alt\u00edsimo un nuevo d\u00eda de vida.<\/p>\n<p style=\"text-align: justify;\">\u201cYo me levanto a las 5:30 o 5:45a.m., rezamos el rosario, \u00a0me ba\u00f1o y empiezo a atender a los de la casa con las primeras comiditas del d\u00eda, y ya empiezo mi trabajo. Luego el desayuno, el quehacer de la casa, todas las actividades que hay\u201d.<\/p>\n<p style=\"text-align: justify;\"><img loading=\"lazy\" decoding=\"async\" src=\"images\/Doa_Socorro_2.jpg\" alt=\"\" width=\"750\" height=\"439\" \/><\/p>\n<p style=\"text-align: justify;\">Desde hace ya alrededor de diez a\u00f1os disfruta nuevamente de esta vida campesina que tan feliz le hace, esa que por un largo tiempo tuvo que dejar debido a la violencia que se ensa\u00f1\u00f3 no solo con su vereda sino con todo el municipio.<\/p>\n<p style=\"text-align: justify;\">\u201cAqu\u00ed estamos radicados de nuevo en la vereda y muy contentos porque el campo estamos viviendo en paz y en tranquilidad. Despu\u00e9s de la pandemia nosotros nos quedamos aqu\u00ed del todo y de vez en cuando salimos al pueblo, cuando hay necesidad\u201d.<\/p>\n<p style=\"text-align: justify;\">Cambiar la vereda por el casco urbano, le permiti\u00f3 acercarse a la parroquia. Por varios a\u00f1os hizo parte del grupo de lectores y cantores que amenizan las eucarist\u00edas, y otros grupos apost\u00f3licos. Y es que adem\u00e1s de la amabilidad, en do\u00f1a Socorro sobresalen otras cualidades como la fe y el afecto por la iglesia, los sacerdotes y su comunidad.<\/p>\n<p style=\"text-align: justify;\">\u201cYo ten\u00eda varios compromisos con la parroquia, en el sector, estaba en varios grupos apost\u00f3licos. A mi desde siempre me ha gustado trabajar en la parte espiritual. Cuando yo era ni\u00f1a, estando en la escuela ac\u00e1 en la vereda, me naci\u00f3 la idea de dar catequesis a unos ni\u00f1os compa\u00f1eritos de mi edad en la escuela, entonces yo los invitaba y los domingos daba catequesis con lo poco que sab\u00eda\u201d.<\/p>\n<p style=\"text-align: justify;\"><img loading=\"lazy\" decoding=\"async\" src=\"images\/Doa_Socorro_3.jpg\" alt=\"\" width=\"750\" height=\"439\" \/><\/p>\n<p style=\"text-align: justify;\">Aunque ya no exactamente desde la parroquia, do\u00f1a Socorro sigue realizando labor pastoral en su vereda y es una l\u00edder visible dentro de su comunidad. En una capillita, cerca a la cancha, se re\u00fane a orar todos los mi\u00e9rcoles y jueves con varias personas, y es tambi\u00e9n muy activa en la junta de acci\u00f3n comunal.<\/p>\n<p style=\"text-align: justify;\">De su pueblo, Granada, do\u00f1a Socorro destaca la calidez y la solidaridad de la gente, algo que le hace sentir orgullosa de pertenecer a este terru\u00f1o.<\/p>\n","protected":false},"excerpt":{"rendered":"<p style=\"text-align: justify;\">En la tranquilidad del campo y rodeada de su jard\u00edn pasa los d\u00edas Socorro L\u00f3pez, una mujer enamorada de su familia, del ambiente rural y siempre entregada a Dios.<\/p>\n","protected":false},"author":1,"featured_media":0,"comment_status":"open","ping_status":"open","sticky":false,"template":"","format":"standard","meta":{"footnotes":""},"categories":[20],"tags":[],"class_list":["post-518","post","type-post","status-publish","format-standard","hentry","category-columnistas"],"_links":{"self":[{"href":"https:\/\/www.desdegranada.com\/site\/index.php?rest_route=\/wp\/v2\/posts\/518","targetHints":{"allow":["GET"]}}],"collection":[{"href":"https:\/\/www.desdegranada.com\/site\/index.php?rest_route=\/wp\/v2\/posts"}],"about":[{"href":"https:\/\/www.desdegranada.com\/site\/index.php?rest_route=\/wp\/v2\/types\/post"}],"author":[{"embeddable":true,"href":"https:\/\/www.desdegranada.com\/site\/index.php?rest_route=\/wp\/v2\/users\/1"}],"replies":[{"embeddable":true,"href":"https:\/\/www.desdegranada.com\/site\/index.php?rest_route=%2Fwp%2Fv2%2Fcomments&post=518"}],"version-history":[{"count":0,"href":"https:\/\/www.desdegranada.com\/site\/index.php?rest_route=\/wp\/v2\/posts\/518\/revisions"}],"wp:attachment":[{"href":"https:\/\/www.desdegranada.com\/site\/index.php?rest_route=%2Fwp%2Fv2%2Fmedia&parent=518"}],"wp:term":[{"taxonomy":"category","embeddable":true,"href":"https:\/\/www.desdegranada.com\/site\/index.php?rest_route=%2Fwp%2Fv2%2Fcategories&post=518"},{"taxonomy":"post_tag","embeddable":true,"href":"https:\/\/www.desdegranada.com\/site\/index.php?rest_route=%2Fwp%2Fv2%2Ftags&post=518"}],"curies":[{"name":"wp","href":"https:\/\/api.w.org\/{rel}","templated":true}]}}