{"id":519,"date":"2022-06-21T16:27:19","date_gmt":"2022-06-21T16:27:19","guid":{"rendered":"https:\/\/www.desdegranada.com\/site\/?p=519"},"modified":"2022-06-21T16:27:19","modified_gmt":"2022-06-21T16:27:19","slug":"en-333-incremento-el-numero-de-granadinos-que-votaron-en-la-segunda-vuelta-presidencial","status":"publish","type":"post","link":"https:\/\/www.desdegranada.com\/site\/?p=519","title":{"rendered":"En 333 increment\u00f3 el n\u00famero de granadinos que votaron en la segunda vuelta presidencial"},"content":{"rendered":"<p style=\"text-align: justify;\">Aunque los resultados a nivel pa\u00eds dejaron como ganadora a la formula conformada por Gustavo Petro y Francia M\u00e1rquez, en Granada los resultados favorecieron al ya excandidato Rodolfo Hern\u00e1ndez con 4.327 votos, que corresponden a un 76,63% del total de los votos. Petro por su parte recibi\u00f3 el respaldo de 1.228 granadinos, es decir un 21,74 de los votos.<\/p>\n<p style=\"text-align: justify;\"><img decoding=\"async\" src=\"images\/Resultados_elecciones_Granada.jpg\" alt=\"\" \/><\/p>\n<p style=\"text-align: justify;\">Es de resaltar que la jornada democr\u00e1tica en el municipio se desarroll\u00f3 en completa calma y la participaci\u00f3n increment\u00f3 en 333 sufragantes.<\/p>\n","protected":false},"excerpt":{"rendered":"<p style=\"text-align: justify;\">5.706 granadinos acudieron a las urnas este 19 de junio en la segunda vuelta presidencial para definir al presidente de los colombianos para el cuatrenio 2022 \u2013 2026.<\/p>\n","protected":false},"author":1,"featured_media":0,"comment_status":"open","ping_status":"open","sticky":false,"template":"","format":"standard","meta":{"footnotes":""},"categories":[19],"tags":[],"class_list":["post-519","post","type-post","status-publish","format-standard","hentry","category-noticias"],"_links":{"self":[{"href":"https:\/\/www.desdegranada.com\/site\/index.php?rest_route=\/wp\/v2\/posts\/519","targetHints":{"allow":["GET"]}}],"collection":[{"href":"https:\/\/www.desdegranada.com\/site\/index.php?rest_route=\/wp\/v2\/posts"}],"about":[{"href":"https:\/\/www.desdegranada.com\/site\/index.php?rest_route=\/wp\/v2\/types\/post"}],"author":[{"embeddable":true,"href":"https:\/\/www.desdegranada.com\/site\/index.php?rest_route=\/wp\/v2\/users\/1"}],"replies":[{"embeddable":true,"href":"https:\/\/www.desdegranada.com\/site\/index.php?rest_route=%2Fwp%2Fv2%2Fcomments&post=519"}],"version-history":[{"count":0,"href":"https:\/\/www.desdegranada.com\/site\/index.php?rest_route=\/wp\/v2\/posts\/519\/revisions"}],"wp:attachment":[{"href":"https:\/\/www.desdegranada.com\/site\/index.php?rest_route=%2Fwp%2Fv2%2Fmedia&parent=519"}],"wp:term":[{"taxonomy":"category","embeddable":true,"href":"https:\/\/www.desdegranada.com\/site\/index.php?rest_route=%2Fwp%2Fv2%2Fcategories&post=519"},{"taxonomy":"post_tag","embeddable":true,"href":"https:\/\/www.desdegranada.com\/site\/index.php?rest_route=%2Fwp%2Fv2%2Ftags&post=519"}],"curies":[{"name":"wp","href":"https:\/\/api.w.org\/{rel}","templated":true}]}}