{"id":520,"date":"2022-06-23T22:40:41","date_gmt":"2022-06-23T22:40:41","guid":{"rendered":"https:\/\/www.desdegranada.com\/site\/?p=520"},"modified":"2022-06-23T22:40:41","modified_gmt":"2022-06-23T22:40:41","slug":"atencion-habra-nuevos-cierres-en-la-via-granada-autopista","status":"publish","type":"post","link":"https:\/\/www.desdegranada.com\/site\/?p=520","title":{"rendered":"\u00a1Atenci\u00f3n! Habr\u00e1 nuevos cierres en la v\u00eda Granada &#8211; Autopista"},"content":{"rendered":"<p style=\"text-align: justify;\">Y es que debido a los trabajos de recuperaci\u00f3n de la calzada que se vienen adelantando en el kil\u00f3metro 11+700, en el sector conocido como El Matadero, a partir de este 23 de junio, se presentar\u00e1n cierres parciales de la v\u00eda. Dichos cierres tendr\u00e1n lugar durante 21 d\u00edas consecutivos y en los siguientes horarios:<\/p>\n<p style=\"text-align: justify;\">07:30 am \u2013 12:00 pm = Cierre.<\/p>\n<p style=\"text-align: justify;\">12:00 pm \u2013 01:30 pm = Apertura.<\/p>\n<p style=\"text-align: justify;\">01:30 pm \u2013 05:00 pm = Cierre.<\/p>\n<p style=\"text-align: justify;\">05:00 pm \u2013 07:30 am = Apertura.<\/p>\n<p style=\"text-align: justify;\"><img decoding=\"async\" src=\"images\/Cierre_El_Matadero.jpg\" alt=\"\" \/><\/p>\n<p style=\"text-align: justify;\">Esta medida adoptada por la firma Grucon S.A.S, encargada del contrato de mantenimiento de la v\u00eda, tiene como fin tener un mayor avance en las obras de recuperaci\u00f3n y mantenimiento de la v\u00eda que conecta al municipio con la autopista Medell\u00edn \u2013 Bogot\u00e1.<\/p>\n","protected":false},"excerpt":{"rendered":"<p style=\"text-align: justify;\">La v\u00eda Granada \u2013 Autopista sigue siendo noticia debido a varias afectaciones que han venido limitando el tr\u00e1nsito normal de veh\u00edculos a lo largo de este trayecto.<\/p>\n","protected":false},"author":1,"featured_media":0,"comment_status":"open","ping_status":"open","sticky":false,"template":"","format":"standard","meta":{"footnotes":""},"categories":[19],"tags":[],"class_list":["post-520","post","type-post","status-publish","format-standard","hentry","category-noticias"],"_links":{"self":[{"href":"https:\/\/www.desdegranada.com\/site\/index.php?rest_route=\/wp\/v2\/posts\/520","targetHints":{"allow":["GET"]}}],"collection":[{"href":"https:\/\/www.desdegranada.com\/site\/index.php?rest_route=\/wp\/v2\/posts"}],"about":[{"href":"https:\/\/www.desdegranada.com\/site\/index.php?rest_route=\/wp\/v2\/types\/post"}],"author":[{"embeddable":true,"href":"https:\/\/www.desdegranada.com\/site\/index.php?rest_route=\/wp\/v2\/users\/1"}],"replies":[{"embeddable":true,"href":"https:\/\/www.desdegranada.com\/site\/index.php?rest_route=%2Fwp%2Fv2%2Fcomments&post=520"}],"version-history":[{"count":0,"href":"https:\/\/www.desdegranada.com\/site\/index.php?rest_route=\/wp\/v2\/posts\/520\/revisions"}],"wp:attachment":[{"href":"https:\/\/www.desdegranada.com\/site\/index.php?rest_route=%2Fwp%2Fv2%2Fmedia&parent=520"}],"wp:term":[{"taxonomy":"category","embeddable":true,"href":"https:\/\/www.desdegranada.com\/site\/index.php?rest_route=%2Fwp%2Fv2%2Fcategories&post=520"},{"taxonomy":"post_tag","embeddable":true,"href":"https:\/\/www.desdegranada.com\/site\/index.php?rest_route=%2Fwp%2Fv2%2Ftags&post=520"}],"curies":[{"name":"wp","href":"https:\/\/api.w.org\/{rel}","templated":true}]}}