{"id":521,"date":"2022-06-24T16:21:37","date_gmt":"2022-06-24T16:21:37","guid":{"rendered":"https:\/\/www.desdegranada.com\/site\/?p=521"},"modified":"2022-06-24T16:21:37","modified_gmt":"2022-06-24T16:21:37","slug":"asi-trabajara-flota-granada-durante-el-cierre-de-la-via-granada-autopista","status":"publish","type":"post","link":"https:\/\/www.desdegranada.com\/site\/?p=521","title":{"rendered":"As\u00ed trabajar\u00e1 Flota Granada durante el cierre de la v\u00eda Granada &#8211; Autopista"},"content":{"rendered":"<p style=\"text-align: justify;\">Durante los cierres de la v\u00eda, que se realizar\u00e1n para agilizar la recuperaci\u00f3n de la movilidad vehicular, Flota Granada realizar\u00e1 trasbordos sin interrumpir sus horarios habituales, para no interferir con el desplazamiento de los pasajeros.<\/p>\n<p style=\"text-align: justify;\">Desde las 12:30 p.m del s\u00e1bado 25 de junio hasta el martes 28 de junio a las 7:30 a.m, d\u00eda en que nuevamente se retomar\u00e1n los\u00a0cierres parciales, la v\u00eda estar\u00e1 habilitar\u00e1 solamente para carros livianos.<\/p>\n","protected":false},"excerpt":{"rendered":"<p style=\"text-align: justify;\">Con el prop\u00f3sito de garantizar la movilidad y prestar un buen servicio a sus usuarios hacia Medell\u00edn y Rionegro, la Flota Granada prestar\u00e1 su servicio con normalidad durante los d\u00edas que se est\u00e9n realizando las interversiones de recuperaci\u00f3n de la banca en el sitio conocido como El Matadero, que conecta a Granada con la autopista.<\/p>\n","protected":false},"author":1,"featured_media":0,"comment_status":"open","ping_status":"open","sticky":false,"template":"","format":"standard","meta":{"footnotes":""},"categories":[19],"tags":[],"class_list":["post-521","post","type-post","status-publish","format-standard","hentry","category-noticias"],"_links":{"self":[{"href":"https:\/\/www.desdegranada.com\/site\/index.php?rest_route=\/wp\/v2\/posts\/521","targetHints":{"allow":["GET"]}}],"collection":[{"href":"https:\/\/www.desdegranada.com\/site\/index.php?rest_route=\/wp\/v2\/posts"}],"about":[{"href":"https:\/\/www.desdegranada.com\/site\/index.php?rest_route=\/wp\/v2\/types\/post"}],"author":[{"embeddable":true,"href":"https:\/\/www.desdegranada.com\/site\/index.php?rest_route=\/wp\/v2\/users\/1"}],"replies":[{"embeddable":true,"href":"https:\/\/www.desdegranada.com\/site\/index.php?rest_route=%2Fwp%2Fv2%2Fcomments&post=521"}],"version-history":[{"count":0,"href":"https:\/\/www.desdegranada.com\/site\/index.php?rest_route=\/wp\/v2\/posts\/521\/revisions"}],"wp:attachment":[{"href":"https:\/\/www.desdegranada.com\/site\/index.php?rest_route=%2Fwp%2Fv2%2Fmedia&parent=521"}],"wp:term":[{"taxonomy":"category","embeddable":true,"href":"https:\/\/www.desdegranada.com\/site\/index.php?rest_route=%2Fwp%2Fv2%2Fcategories&post=521"},{"taxonomy":"post_tag","embeddable":true,"href":"https:\/\/www.desdegranada.com\/site\/index.php?rest_route=%2Fwp%2Fv2%2Ftags&post=521"}],"curies":[{"name":"wp","href":"https:\/\/api.w.org\/{rel}","templated":true}]}}