{"id":522,"date":"2022-06-25T19:59:24","date_gmt":"2022-06-25T19:59:24","guid":{"rendered":"https:\/\/www.desdegranada.com\/site\/?p=522"},"modified":"2022-06-25T19:59:24","modified_gmt":"2022-06-25T19:59:24","slug":"flota-granada-50-anos-de-servicio","status":"publish","type":"post","link":"https:\/\/www.desdegranada.com\/site\/?p=522","title":{"rendered":"Flota Granada, 50 a\u00f1os de servicio"},"content":{"rendered":"<p style=\"text-align: justify;\">La empresa, surgida en 1972 por iniciativa de l\u00edderes del sector transporte como Abelardo, N\u00e9stor y Pedro Luis Zora, presta hoy sus servicios no solo en Granada sino tambi\u00e9n en las localidades de Cocorn\u00e1, San Luis y San Francisco.<\/p>\n<p style=\"text-align: justify;\"><img decoding=\"async\" src=\"images\/50_aos_Flota_Granada.jpg\" alt=\"\" \/><\/p>\n<p style=\"text-align: justify;\">Con una eucarist\u00eda y un acto conmemorativo que cont\u00f3 con la presencia de directivos, transportadores y familias, y varios fundadores, la Flota Granada celebr\u00f3 esta importante fecha y sigue pensando en ser una de las mejores opciones de transporte para quienes se movilizan por las v\u00edas del oriente y el departamento.<\/p>\n","protected":false},"excerpt":{"rendered":"<p style=\"text-align: justify;\">El pasado 21 de junio la Flota Granada cumpli\u00f3 50 a\u00f1os de vida empresarial, tiempo durante el que ha venido prestando sus servicios de transporte de pasajeros y equipaje hacia Medell\u00edn, Rionegro y otros municipios del oriente.<\/p>\n","protected":false},"author":1,"featured_media":0,"comment_status":"open","ping_status":"open","sticky":false,"template":"","format":"standard","meta":{"footnotes":""},"categories":[19],"tags":[],"class_list":["post-522","post","type-post","status-publish","format-standard","hentry","category-noticias"],"_links":{"self":[{"href":"https:\/\/www.desdegranada.com\/site\/index.php?rest_route=\/wp\/v2\/posts\/522","targetHints":{"allow":["GET"]}}],"collection":[{"href":"https:\/\/www.desdegranada.com\/site\/index.php?rest_route=\/wp\/v2\/posts"}],"about":[{"href":"https:\/\/www.desdegranada.com\/site\/index.php?rest_route=\/wp\/v2\/types\/post"}],"author":[{"embeddable":true,"href":"https:\/\/www.desdegranada.com\/site\/index.php?rest_route=\/wp\/v2\/users\/1"}],"replies":[{"embeddable":true,"href":"https:\/\/www.desdegranada.com\/site\/index.php?rest_route=%2Fwp%2Fv2%2Fcomments&post=522"}],"version-history":[{"count":0,"href":"https:\/\/www.desdegranada.com\/site\/index.php?rest_route=\/wp\/v2\/posts\/522\/revisions"}],"wp:attachment":[{"href":"https:\/\/www.desdegranada.com\/site\/index.php?rest_route=%2Fwp%2Fv2%2Fmedia&parent=522"}],"wp:term":[{"taxonomy":"category","embeddable":true,"href":"https:\/\/www.desdegranada.com\/site\/index.php?rest_route=%2Fwp%2Fv2%2Fcategories&post=522"},{"taxonomy":"post_tag","embeddable":true,"href":"https:\/\/www.desdegranada.com\/site\/index.php?rest_route=%2Fwp%2Fv2%2Ftags&post=522"}],"curies":[{"name":"wp","href":"https:\/\/api.w.org\/{rel}","templated":true}]}}