{"id":523,"date":"2022-06-28T17:15:35","date_gmt":"2022-06-28T17:15:35","guid":{"rendered":"https:\/\/www.desdegranada.com\/site\/?p=523"},"modified":"2022-06-28T17:15:35","modified_gmt":"2022-06-28T17:15:35","slug":"en-aproximadamente-dos-semanas-habria-paso-provisional-en-punto-critico-de-el-matadero","status":"publish","type":"post","link":"https:\/\/www.desdegranada.com\/site\/?p=523","title":{"rendered":"En aproximadamente dos semanas habr\u00eda paso provisional en punto cr\u00edtico de El Matadero."},"content":{"rendered":"<p style=\"text-align: justify;\">El paso a un solo carril en el kil\u00f3metro 11+700, sector conocido como El Matadero, que imped\u00eda el tr\u00e1nsito normal de veh\u00edculos por los constantes movimientos de tierra presentados, se afect\u00f3 a\u00fan m\u00e1s tras el desplome de toda la calzada en la madrugada del domingo 26 de junio.<\/p>\n<p style=\"text-align: justify;\">Ante esta situaci\u00f3n, para poder ingresar o salir del municipio, los habitantes de Granada deben transbordar por un paso peatonal que las autoridades adecuaron. As\u00ed, con los ni\u00f1os cargados, con maletas y dem\u00e1s enseres, los pasajeros deben caminar este peque\u00f1o trayecto para continuar con sus recorridos.<\/p>\n<p style=\"text-align: justify;\"><img decoding=\"async\" src=\"images\/Transbordo_El_Matadero.jpg\" alt=\"\" \/><\/p>\n<p style=\"text-align: justify;\">\u201cSe est\u00e1 construyendo el muro de contenci\u00f3n que es una de las medidas definitivas y se habilit\u00f3 un paso peatonal para que ya el transporte p\u00fablico pueda hacer el transbordo\u201d, dijo el alcalde Freddy Casta\u00f1o sobre los trabajos que se vienen adelantando en el momento. \u201cAyer hac\u00edamos unos c\u00e1lculos de 30 d\u00edas m\u00e1ximo para resolver definitivamente, pero yo creo que en el transcurso de estas dos semanas debe haber ya paso provisional\u201d, agreg\u00f3 el mandatario.<\/p>\n","protected":false},"excerpt":{"rendered":"<p style=\"text-align: justify;\">Para transportadores y comunidad en general que se moviliza por la v\u00eda Granada \u2013 Autopista, el estado de deterioro que esta ha venido presentado en el \u00faltimo tiempo, se ha convertido en un verdadero dolor de cabeza.<\/p>\n","protected":false},"author":1,"featured_media":0,"comment_status":"open","ping_status":"open","sticky":false,"template":"","format":"standard","meta":{"footnotes":""},"categories":[19],"tags":[],"class_list":["post-523","post","type-post","status-publish","format-standard","hentry","category-noticias"],"_links":{"self":[{"href":"https:\/\/www.desdegranada.com\/site\/index.php?rest_route=\/wp\/v2\/posts\/523","targetHints":{"allow":["GET"]}}],"collection":[{"href":"https:\/\/www.desdegranada.com\/site\/index.php?rest_route=\/wp\/v2\/posts"}],"about":[{"href":"https:\/\/www.desdegranada.com\/site\/index.php?rest_route=\/wp\/v2\/types\/post"}],"author":[{"embeddable":true,"href":"https:\/\/www.desdegranada.com\/site\/index.php?rest_route=\/wp\/v2\/users\/1"}],"replies":[{"embeddable":true,"href":"https:\/\/www.desdegranada.com\/site\/index.php?rest_route=%2Fwp%2Fv2%2Fcomments&post=523"}],"version-history":[{"count":0,"href":"https:\/\/www.desdegranada.com\/site\/index.php?rest_route=\/wp\/v2\/posts\/523\/revisions"}],"wp:attachment":[{"href":"https:\/\/www.desdegranada.com\/site\/index.php?rest_route=%2Fwp%2Fv2%2Fmedia&parent=523"}],"wp:term":[{"taxonomy":"category","embeddable":true,"href":"https:\/\/www.desdegranada.com\/site\/index.php?rest_route=%2Fwp%2Fv2%2Fcategories&post=523"},{"taxonomy":"post_tag","embeddable":true,"href":"https:\/\/www.desdegranada.com\/site\/index.php?rest_route=%2Fwp%2Fv2%2Ftags&post=523"}],"curies":[{"name":"wp","href":"https:\/\/api.w.org\/{rel}","templated":true}]}}