{"id":524,"date":"2022-06-28T17:36:18","date_gmt":"2022-06-28T17:36:18","guid":{"rendered":"https:\/\/www.desdegranada.com\/site\/?p=524"},"modified":"2022-06-28T17:36:18","modified_gmt":"2022-06-28T17:36:18","slug":"yaneira-giraldo-una-joven-enamorada-de-la-decoracion-de-fiestas","status":"publish","type":"post","link":"https:\/\/www.desdegranada.com\/site\/?p=524","title":{"rendered":"Yaneira Giraldo, una joven enamorada de la decoraci\u00f3n de fiestas"},"content":{"rendered":"<p style=\"text-align: justify;\">Su disciplina ya ha recogido frutos y no solamente los que cosecha entre verdes paisajes y el c\u00e1lido clima del que puede disfrutar en su finca en compa\u00f1\u00eda de su esposo y su beb\u00e9; su talento y creatividad le ha permitido trabajar en varias celebraciones desde la parte de la decoraci\u00f3n, \u201che tenido la oportunidad de decorar 15, como bouquet, arcos de globos, baby showers, matrimonios\u201d.<\/p>\n<p style=\"text-align: justify;\"><img loading=\"lazy\" decoding=\"async\" src=\"images\/Yaneira_1.jpg\" alt=\"\" width=\"750\" height=\"439\" \/><\/p>\n<p style=\"text-align: justify;\">Es com\u00fan que los j\u00f3venes terminen sus estudios secundarios y quieran emigrar a la ciudad buscando mejores oportunidades labores, pero este no es el caso de Yaneira, en ella se nota un brillo especial en sus ojos al hablar de su lugar de residencia \u201ca m\u00ed me encanta el campo, amo el campo, yo no me ir\u00eda para la ciudad si no hay nuevamente una violencia, para mi el campo es tranquilidad, es vida, es un espacio para que mi hijo se forme con libertad\u201d. \u00a0<\/p>\n<p style=\"text-align: justify;\"><img loading=\"lazy\" decoding=\"async\" src=\"images\/Yaneira_2.jpg\" alt=\"\" width=\"750\" height=\"439\" \/><\/p>\n<p style=\"text-align: justify;\">Granada, un pueblo solidario, en el que Yaneira relata se siente el carisma de sus paisanos desde el saludo, ese es el lugar donde ella espera seguir cumpliendo su sue\u00f1o, \u201ca trav\u00e9s de mi emprendimiento demostrarme a m\u00ed misma que puedo, que, si soy capaz, mostrarles a los j\u00f3venes que los sue\u00f1os s\u00ed se hacen realidad, que la gente se enamore de mi trabajo, que se motive al ver la creatividad con la que realizo cada trabajo, si ellos se sienten felices de ver lo que hago, yo tambi\u00e9n lo ser\u00e9\u201d .<\/p>\n<p style=\"text-align: justify;\">Las personas que deseen contratar a Yaneira Giraldo para realizar las decoraciones para sus fechas especiales se pueden contactar al 312 862 17 11.<\/p>\n<p>\u00a0<\/p>\n","protected":false},"excerpt":{"rendered":"<p style=\"text-align: justify;\">En clase de art\u00edstica descubri\u00f3 su habilidad con el arte como el letering, el dibujo, las manualidades y en tiempo de pandemia, Yaneira Giraldo, una joven de la vereda San Mat\u00edas, decidi\u00f3 con las pocas herramientas que ten\u00eda en su finca darle vida a su sue\u00f1o de formarse en lo relacionado con la decoraci\u00f3n de fiestas. En su mirada se refleja la sencillez que la caracteriza y con la misma cuenta que a pesar de que no tenia una buena cobertura de internet se las ingeni\u00f3 para buscar se\u00f1al en un punto estrat\u00e9gico de su finca y empezar a capacitarse, especialmente en arreglos con globos o l\u00e1tex como lo menciona ella.<\/p>\n","protected":false},"author":1,"featured_media":0,"comment_status":"open","ping_status":"open","sticky":false,"template":"","format":"standard","meta":{"footnotes":""},"categories":[20],"tags":[],"class_list":["post-524","post","type-post","status-publish","format-standard","hentry","category-columnistas"],"_links":{"self":[{"href":"https:\/\/www.desdegranada.com\/site\/index.php?rest_route=\/wp\/v2\/posts\/524","targetHints":{"allow":["GET"]}}],"collection":[{"href":"https:\/\/www.desdegranada.com\/site\/index.php?rest_route=\/wp\/v2\/posts"}],"about":[{"href":"https:\/\/www.desdegranada.com\/site\/index.php?rest_route=\/wp\/v2\/types\/post"}],"author":[{"embeddable":true,"href":"https:\/\/www.desdegranada.com\/site\/index.php?rest_route=\/wp\/v2\/users\/1"}],"replies":[{"embeddable":true,"href":"https:\/\/www.desdegranada.com\/site\/index.php?rest_route=%2Fwp%2Fv2%2Fcomments&post=524"}],"version-history":[{"count":0,"href":"https:\/\/www.desdegranada.com\/site\/index.php?rest_route=\/wp\/v2\/posts\/524\/revisions"}],"wp:attachment":[{"href":"https:\/\/www.desdegranada.com\/site\/index.php?rest_route=%2Fwp%2Fv2%2Fmedia&parent=524"}],"wp:term":[{"taxonomy":"category","embeddable":true,"href":"https:\/\/www.desdegranada.com\/site\/index.php?rest_route=%2Fwp%2Fv2%2Fcategories&post=524"},{"taxonomy":"post_tag","embeddable":true,"href":"https:\/\/www.desdegranada.com\/site\/index.php?rest_route=%2Fwp%2Fv2%2Ftags&post=524"}],"curies":[{"name":"wp","href":"https:\/\/api.w.org\/{rel}","templated":true}]}}