{"id":526,"date":"2022-06-29T23:12:47","date_gmt":"2022-06-29T23:12:47","guid":{"rendered":"https:\/\/www.desdegranada.com\/site\/?p=526"},"modified":"2022-06-29T23:12:47","modified_gmt":"2022-06-29T23:12:47","slug":"con-varios-acuerdos-entre-comunidad-y-gobernacion-de-antioquia-se-espera-minimizar-impacto-por-afectacion-en-via-granada-autopista","status":"publish","type":"post","link":"https:\/\/www.desdegranada.com\/site\/?p=526","title":{"rendered":"Con varios acuerdos entre comunidad y Gobernaci\u00f3n de Antioquia se espera minimizar impacto por afectaci\u00f3n en v\u00eda Granada &#8211; Autopista"},"content":{"rendered":"<p style=\"text-align: justify;\">Debido a que esto paraliz\u00f3 casi en su totalidad la movilidad por este punto, gremios como el transporte, el comercio, campesinos, empleados de los sectores textil y floricultor, adem\u00e1s de comunidad en general se reunieron con representantes de la Secretar\u00eda de Infraestructura F\u00edsica del departamento para reclamar acciones que ayuden a mitigar el impacto negativo que esta situaci\u00f3n ha venido generando no solo en la movilidad sino tambi\u00e9n en su econom\u00eda.<\/p>\n<p style=\"text-align: justify;\">As\u00ed pues, luego de un espacio que se extendi\u00f3 por aproximadamente dos horas, y en el que tanto los representantes de los gremios como de la Gobernaci\u00f3n de Antioquia pudieron expresar sus puntos de vista, se acordaron varios puntos para habilitar lo m\u00e1s pronto posible un paso provisional en cuanto las obras contin\u00faan para solucionar esta afectaci\u00f3n de manera definitiva.<\/p>\n<p style=\"text-align: justify;\"><img decoding=\"async\" src=\"images\/Reunin_va_Matadero__junio_29.jpg\" alt=\"\" \/><\/p>\n<p style=\"text-align: justify;\">\u201cTenemos todo el compromiso y la firme convicci\u00f3n de sacar adelante este punto cr\u00edtico\u201d, manifest\u00f3 en medio de la reuni\u00f3n Juli\u00e1n David Parra, subsecretario de la oficina de infraestructura departamental.<\/p>\n<p style=\"text-align: justify;\">El principal acuerdo luego de la reuni\u00f3n es el de habilitar nuevamente un paso peatonal para permitir el fluido de pasajeros hacia ambos lados de la v\u00eda. Este deber\u00e1 estar listo en un m\u00e1ximo de dos d\u00edas.<\/p>\n<p style=\"text-align: justify;\">De la misma manera se evaluar\u00e1n las condiciones del corredor San Mat\u00edas para usarlo como v\u00eda alterna y se realizar\u00e1 mantenimiento con maquinaria amarilla en el kil\u00f3metro 0+900, en donde tambi\u00e9n se han venido presentando afectaciones por la temporada invernal.<\/p>\n<p style=\"text-align: justify;\">El viernes 1 de julio, en la ciudad de Medell\u00edn, se tendr\u00e1 una nueva reuni\u00f3n para evaluar los avances t\u00e9cnicos del an\u00e1lisis hecho por los especialistas que visitaron el punto para dar continuidad a las obras que garanticen la normalizaci\u00f3n del tr\u00e1nsito vehicular en el sector.Tr\u00a0<\/p>\n<p><iframe loading=\"lazy\" style=\"border: none; overflow: hidden;\" src=\"https:\/\/www.facebook.com\/plugins\/video.php?height=314&amp;href=https%3A%2F%2Fwww.facebook.com%2Fgranada.stereo%2Fvideos%2F445846946994169%2F&amp;show_text=false&amp;width=560&amp;t=0\" width=\"560\" height=\"314\" frameborder=\"0\" scrolling=\"no\" allowfullscreen=\"allowfullscreen\"><\/iframe><\/p>\n","protected":false},"excerpt":{"rendered":"<p style=\"text-align: justify;\">Las lluvias de la noche del 29 de junio ocasionaron nuevas afectaciones en el kil\u00f3metro 11+700, sector El Matadero, en donde, por la p\u00e9rdida total de la banca, las autoridades adecuaron un paso peatonal que permit\u00eda a los pasajeros continuar hacia sus destinos, pero este fue arrasado por las aguas.<\/p>\n","protected":false},"author":1,"featured_media":0,"comment_status":"open","ping_status":"open","sticky":false,"template":"","format":"standard","meta":{"footnotes":""},"categories":[19],"tags":[],"class_list":["post-526","post","type-post","status-publish","format-standard","hentry","category-noticias"],"_links":{"self":[{"href":"https:\/\/www.desdegranada.com\/site\/index.php?rest_route=\/wp\/v2\/posts\/526","targetHints":{"allow":["GET"]}}],"collection":[{"href":"https:\/\/www.desdegranada.com\/site\/index.php?rest_route=\/wp\/v2\/posts"}],"about":[{"href":"https:\/\/www.desdegranada.com\/site\/index.php?rest_route=\/wp\/v2\/types\/post"}],"author":[{"embeddable":true,"href":"https:\/\/www.desdegranada.com\/site\/index.php?rest_route=\/wp\/v2\/users\/1"}],"replies":[{"embeddable":true,"href":"https:\/\/www.desdegranada.com\/site\/index.php?rest_route=%2Fwp%2Fv2%2Fcomments&post=526"}],"version-history":[{"count":0,"href":"https:\/\/www.desdegranada.com\/site\/index.php?rest_route=\/wp\/v2\/posts\/526\/revisions"}],"wp:attachment":[{"href":"https:\/\/www.desdegranada.com\/site\/index.php?rest_route=%2Fwp%2Fv2%2Fmedia&parent=526"}],"wp:term":[{"taxonomy":"category","embeddable":true,"href":"https:\/\/www.desdegranada.com\/site\/index.php?rest_route=%2Fwp%2Fv2%2Fcategories&post=526"},{"taxonomy":"post_tag","embeddable":true,"href":"https:\/\/www.desdegranada.com\/site\/index.php?rest_route=%2Fwp%2Fv2%2Ftags&post=526"}],"curies":[{"name":"wp","href":"https:\/\/api.w.org\/{rel}","templated":true}]}}