{"id":535,"date":"2022-07-18T23:28:02","date_gmt":"2022-07-18T23:28:02","guid":{"rendered":"https:\/\/www.desdegranada.com\/site\/?p=535"},"modified":"2022-07-18T23:28:02","modified_gmt":"2022-07-18T23:28:02","slug":"avanzan-obras-para-recuperacion-de-la-via-en-punto-critico-de-el-matadero","status":"publish","type":"post","link":"https:\/\/www.desdegranada.com\/site\/?p=535","title":{"rendered":"Avanzan obras para recuperaci\u00f3n de la v\u00eda en punto cr\u00edtico de El Matadero"},"content":{"rendered":"<p style=\"text-align: justify;\">Las condiciones clim\u00e1ticas han retrasado las obras para la recuperaci\u00f3n de la v\u00eda, pero ahora, con el paso de las semanas, se pueden evidenciar los avances y se avizora m\u00e1s cercana la soluci\u00f3n definitiva a esta problem\u00e1tica que viene afectando a todos los usuarios de la v\u00eda.<\/p>\n<p style=\"text-align: justify;\"><img decoding=\"async\" src=\"images\/Matadero_18_de_julio.jpg\" alt=\"\" \/><\/p>\n<p style=\"text-align: justify;\">Despu\u00e9s de los ajustes hechos al proyecto luego de la p\u00e9rdida total de la banca, se realizar\u00e1 un lleno con unas caracter\u00edsticas espec\u00edficas con la idea de habilitar el paso vehicular a un carril en los primeros d\u00edas del mes de agosto; esto a la vez que contin\u00faan los trabajos para la construcci\u00f3n de los muros de contenci\u00f3n.<\/p>\n<p style=\"text-align: justify;\">Aunque la atenci\u00f3n est\u00e1 centrada en recuperar la movilidad en este tramo de v\u00eda, tambi\u00e9n se ha hecho seguimiento a otros puntos afectados por la temporada invernal en las v\u00edas Granada \u2013 Autopista y Granada \u2013 San Carlos, y se han enviado los respectivos reportes a la Secretar\u00eda de Infraestructura del departamento.<\/p>\n","protected":false},"excerpt":{"rendered":"<p style=\"text-align: justify;\">Desde que el pasado 10 de abril se presentara el hundimiento de parte de la calzada en la v\u00eda Granada \u2013 Autopista en el punto conocido como El Matadero, kil\u00f3metro 11+700, la Gobernaci\u00f3n de Antioquia ha desarrollado diversas acciones para garantizar el desplazamiento de pasajeros desde y hacia el municipio.<\/p>\n","protected":false},"author":1,"featured_media":0,"comment_status":"open","ping_status":"open","sticky":false,"template":"","format":"standard","meta":{"footnotes":""},"categories":[19],"tags":[],"class_list":["post-535","post","type-post","status-publish","format-standard","hentry","category-noticias"],"_links":{"self":[{"href":"https:\/\/www.desdegranada.com\/site\/index.php?rest_route=\/wp\/v2\/posts\/535","targetHints":{"allow":["GET"]}}],"collection":[{"href":"https:\/\/www.desdegranada.com\/site\/index.php?rest_route=\/wp\/v2\/posts"}],"about":[{"href":"https:\/\/www.desdegranada.com\/site\/index.php?rest_route=\/wp\/v2\/types\/post"}],"author":[{"embeddable":true,"href":"https:\/\/www.desdegranada.com\/site\/index.php?rest_route=\/wp\/v2\/users\/1"}],"replies":[{"embeddable":true,"href":"https:\/\/www.desdegranada.com\/site\/index.php?rest_route=%2Fwp%2Fv2%2Fcomments&post=535"}],"version-history":[{"count":0,"href":"https:\/\/www.desdegranada.com\/site\/index.php?rest_route=\/wp\/v2\/posts\/535\/revisions"}],"wp:attachment":[{"href":"https:\/\/www.desdegranada.com\/site\/index.php?rest_route=%2Fwp%2Fv2%2Fmedia&parent=535"}],"wp:term":[{"taxonomy":"category","embeddable":true,"href":"https:\/\/www.desdegranada.com\/site\/index.php?rest_route=%2Fwp%2Fv2%2Fcategories&post=535"},{"taxonomy":"post_tag","embeddable":true,"href":"https:\/\/www.desdegranada.com\/site\/index.php?rest_route=%2Fwp%2Fv2%2Ftags&post=535"}],"curies":[{"name":"wp","href":"https:\/\/api.w.org\/{rel}","templated":true}]}}