{"id":536,"date":"2022-07-19T21:13:07","date_gmt":"2022-07-19T21:13:07","guid":{"rendered":"https:\/\/www.desdegranada.com\/site\/?p=536"},"modified":"2022-07-19T21:13:07","modified_gmt":"2022-07-19T21:13:07","slug":"arelys-henao-en-concierto-en-tamiami-park","status":"publish","type":"post","link":"https:\/\/www.desdegranada.com\/site\/?p=536","title":{"rendered":"Arelys Henao en concierto en TAMIAMI PARK"},"content":{"rendered":"<p style=\"text-align: justify;\">La presentaci\u00f3n de La Reina de la m\u00fasica popular colombiana, ser\u00e1 a partir de las seis de la tarde, en el TAMIAMI PARK de Miami, EEUU, en medio del Festival colombiano Tierra Querida, a realizar los d\u00edas 23 y 24 del presente mes \u2500pr\u00f3ximo fin de semana\u2500.<\/p>\n<p style=\"text-align: justify;\">El se\u00f1or Luis Villabon, empresario manizale\u00f1o, gerente de la empresa, invita a todos los colombianos residentes en este pa\u00eds, a que se acerquen al parque, no solamente a que disfruten del festival, sino, a la vez, de la gastronom\u00eda de nuestra tierra.<\/p>\n<p style=\"text-align: justify;\">Adquiera aqu\u00ed su boleta: https:\/\/linkr.bio\/festivaltierraquerida.<\/p>\n","protected":false},"excerpt":{"rendered":"<p style=\"text-align: justify;\">As\u00ed como lo so\u00f1\u00f3 y lo pidi\u00f3 Arelys Henao: \u201cO vengo con todos o no vengo\u201d \u2500que fue una de las condiciones de parte del talento para poderle dar el contrato de la representaci\u00f3n a Villabonevents en EEUU\u2500; esta artista, con todo su equipo musical \u2500unas 20 personas\u2500, estar\u00e1 cant\u00e1ndole al p\u00fablico el pr\u00f3ximo 24 de julio en La Florida.<\/p>\n","protected":false},"author":1,"featured_media":0,"comment_status":"open","ping_status":"open","sticky":false,"template":"","format":"standard","meta":{"footnotes":""},"categories":[19],"tags":[],"class_list":["post-536","post","type-post","status-publish","format-standard","hentry","category-noticias"],"_links":{"self":[{"href":"https:\/\/www.desdegranada.com\/site\/index.php?rest_route=\/wp\/v2\/posts\/536","targetHints":{"allow":["GET"]}}],"collection":[{"href":"https:\/\/www.desdegranada.com\/site\/index.php?rest_route=\/wp\/v2\/posts"}],"about":[{"href":"https:\/\/www.desdegranada.com\/site\/index.php?rest_route=\/wp\/v2\/types\/post"}],"author":[{"embeddable":true,"href":"https:\/\/www.desdegranada.com\/site\/index.php?rest_route=\/wp\/v2\/users\/1"}],"replies":[{"embeddable":true,"href":"https:\/\/www.desdegranada.com\/site\/index.php?rest_route=%2Fwp%2Fv2%2Fcomments&post=536"}],"version-history":[{"count":0,"href":"https:\/\/www.desdegranada.com\/site\/index.php?rest_route=\/wp\/v2\/posts\/536\/revisions"}],"wp:attachment":[{"href":"https:\/\/www.desdegranada.com\/site\/index.php?rest_route=%2Fwp%2Fv2%2Fmedia&parent=536"}],"wp:term":[{"taxonomy":"category","embeddable":true,"href":"https:\/\/www.desdegranada.com\/site\/index.php?rest_route=%2Fwp%2Fv2%2Fcategories&post=536"},{"taxonomy":"post_tag","embeddable":true,"href":"https:\/\/www.desdegranada.com\/site\/index.php?rest_route=%2Fwp%2Fv2%2Ftags&post=536"}],"curies":[{"name":"wp","href":"https:\/\/api.w.org\/{rel}","templated":true}]}}