{"id":537,"date":"2022-07-19T22:28:30","date_gmt":"2022-07-19T22:28:30","guid":{"rendered":"https:\/\/www.desdegranada.com\/site\/?p=537"},"modified":"2022-07-19T22:28:30","modified_gmt":"2022-07-19T22:28:30","slug":"toma-posesion-el-granadino-mauricio-giraldo-como-senador-de-la-republica","status":"publish","type":"post","link":"https:\/\/www.desdegranada.com\/site\/?p=537","title":{"rendered":"Toma posesi\u00f3n el granadino Mauricio Giraldo como Senador de la Rep\u00fablica"},"content":{"rendered":"<p style=\"text-align: justify;\">Sin trayectoria pol\u00edtica, logr\u00f3 una curul con solidez, respaldado en una votaci\u00f3n contundente al interior del Partido Conservador, lo que le permitir\u00e1 hacer parte de los 108 congresistas que tendr\u00e1n que aprobar, entre otros proyectos de ley, el nuevo Plan Nacional de Desarrollo, Reforma Tributaria, y m\u00faltiples proyectos que ser\u00e1n de impacto para Colombia.<\/p>\n<p style=\"text-align: justify;\"><img decoding=\"async\" src=\"images\/Congresista_granadino.jpg\" alt=\"\" \/><\/p>\n<p style=\"text-align: justify;\">Mauricio Giraldo se convierte el segundo Congresista de origen granadino, despu\u00e9s del ilustre internacionalista Jes\u00fas Mar\u00eda Yepes.<\/p>\n<p style=\"text-align: justify;\">Deseamos muchos \u00e9xitos en la gesti\u00f3n como Senador de la Rep\u00fablica en pro de un pa\u00eds que espera que desde el congreso se lideren los proyecten que mejoren la calidad de vida de los colombianos.<\/p>\n","protected":false},"excerpt":{"rendered":"<p style=\"text-align: justify;\">El 20 de julio del a\u00f1o 2022 se posesion\u00f3 como Senador el granadino Mauricio Giraldo, despu\u00e9s de lograr una importante votaci\u00f3n en los comicios del 19 de marzo del presente a\u00f1o, donde 105.690 ciudadanos confiaron en sus propuestas, logrando una votaci\u00f3n hist\u00f3rica, que le permite hoy, ser Senador de la Rep\u00fablica y desde all\u00ed liderar un trabajo en pro del pa\u00eds y de la base social que confi\u00f3 en sus propuestas y visiones de pa\u00eds.<\/p>\n","protected":false},"author":1,"featured_media":0,"comment_status":"open","ping_status":"open","sticky":false,"template":"","format":"standard","meta":{"footnotes":""},"categories":[19],"tags":[],"class_list":["post-537","post","type-post","status-publish","format-standard","hentry","category-noticias"],"_links":{"self":[{"href":"https:\/\/www.desdegranada.com\/site\/index.php?rest_route=\/wp\/v2\/posts\/537","targetHints":{"allow":["GET"]}}],"collection":[{"href":"https:\/\/www.desdegranada.com\/site\/index.php?rest_route=\/wp\/v2\/posts"}],"about":[{"href":"https:\/\/www.desdegranada.com\/site\/index.php?rest_route=\/wp\/v2\/types\/post"}],"author":[{"embeddable":true,"href":"https:\/\/www.desdegranada.com\/site\/index.php?rest_route=\/wp\/v2\/users\/1"}],"replies":[{"embeddable":true,"href":"https:\/\/www.desdegranada.com\/site\/index.php?rest_route=%2Fwp%2Fv2%2Fcomments&post=537"}],"version-history":[{"count":0,"href":"https:\/\/www.desdegranada.com\/site\/index.php?rest_route=\/wp\/v2\/posts\/537\/revisions"}],"wp:attachment":[{"href":"https:\/\/www.desdegranada.com\/site\/index.php?rest_route=%2Fwp%2Fv2%2Fmedia&parent=537"}],"wp:term":[{"taxonomy":"category","embeddable":true,"href":"https:\/\/www.desdegranada.com\/site\/index.php?rest_route=%2Fwp%2Fv2%2Fcategories&post=537"},{"taxonomy":"post_tag","embeddable":true,"href":"https:\/\/www.desdegranada.com\/site\/index.php?rest_route=%2Fwp%2Fv2%2Ftags&post=537"}],"curies":[{"name":"wp","href":"https:\/\/api.w.org\/{rel}","templated":true}]}}