{"id":538,"date":"2022-07-21T15:13:52","date_gmt":"2022-07-21T15:13:52","guid":{"rendered":"https:\/\/www.desdegranada.com\/site\/?p=538"},"modified":"2022-07-21T15:13:52","modified_gmt":"2022-07-21T15:13:52","slug":"leidy-auria-una-promesa-en-el-ciclismo","status":"publish","type":"post","link":"https:\/\/www.desdegranada.com\/site\/?p=538","title":{"rendered":"Leidy Auria una promesa en el ciclismo"},"content":{"rendered":"<p style=\"text-align: justify;\">Leidy, relata que desde hace dos a\u00f1os hace parte de la escuela de ciclismo, deporte del que empez\u00f3 a enamorase \u201ccuando estaba m\u00e1s chiquitica y ve\u00eda a los ni\u00f1os montar cicla en la calle y ya a m\u00ed me empez\u00f3 a gustar, y m\u00e1s que cuando ten\u00eda 5 a\u00f1os me regalaron una cicla\u201d.<\/p>\n<p style=\"text-align: justify;\">A sus 11 de a\u00f1os de edad son varios los t\u00edtulos que ha obtenido, recuerda con especial cari\u00f1o los alcanzados en El Carmen de Viboral donde conquisto el tercer lugar, en Fredonia e Ituango logro conseguir el primer lugar, y este es solo el comienzo, cuenta que con la motivaci\u00f3n de ser reconocida en su disciplina todos los d\u00edas entrena \u201ccon constancia y mucha moral\u201d.<\/p>\n<p style=\"text-align: justify;\"><img decoding=\"async\" src=\"images\/Leidy_Auria_ciclista.jpg\" alt=\"\" \/><\/p>\n<p style=\"text-align: justify;\">Leidy, como todo ni\u00f1o que inicia su formaci\u00f3n e independiente cual sea su disciplina, visualiza a un referente a seguir \u201ca m\u00ed la que me motiva es Elizabeth Casta\u00f1o, cuando yo la veo competir me da mucha emoci\u00f3n y quiero ser como ella y tambi\u00e9n Nairo Quintana, que es uno de los m\u00e1s reconocidos de Colombia.<\/p>\n<p style=\"text-align: justify;\">Su madre siempre ha estado presente d\u00e1ndole una voz de aliento, y confirmando su habilidad, \u201cmi mam\u00e1 me apoya mucho, ella dice que si me lo propongo yo puedo ser una gran ciclista\u201d. \u00a0<\/p>\n<p style=\"text-align: justify;\">\u201cMi sue\u00f1o para cuando yo sea grande es competir a nivel nacional y ser como los grandes ciclistas que son muy reconocidos\u201d. \u00a0<\/p>\n","protected":false},"excerpt":{"rendered":"<p style=\"text-align: justify;\">En su caballito de acero se ve pasar a Leidy Auria a sus entrenamientos, en las ma\u00f1anas es com\u00fan verla pedalear y en la parte de atr\u00e1s de su cicla llevar a su sobrino hacia la escuela. En su rostro se refleja humildad y un toque de timidez, ese que deja atr\u00e1s en cada una de sus competencias en las que a pesar de su corta edad ya ha logrado obtener varios triunfos a nivel departamental.<\/p>\n","protected":false},"author":1,"featured_media":0,"comment_status":"open","ping_status":"open","sticky":false,"template":"","format":"standard","meta":{"footnotes":""},"categories":[20],"tags":[],"class_list":["post-538","post","type-post","status-publish","format-standard","hentry","category-columnistas"],"_links":{"self":[{"href":"https:\/\/www.desdegranada.com\/site\/index.php?rest_route=\/wp\/v2\/posts\/538","targetHints":{"allow":["GET"]}}],"collection":[{"href":"https:\/\/www.desdegranada.com\/site\/index.php?rest_route=\/wp\/v2\/posts"}],"about":[{"href":"https:\/\/www.desdegranada.com\/site\/index.php?rest_route=\/wp\/v2\/types\/post"}],"author":[{"embeddable":true,"href":"https:\/\/www.desdegranada.com\/site\/index.php?rest_route=\/wp\/v2\/users\/1"}],"replies":[{"embeddable":true,"href":"https:\/\/www.desdegranada.com\/site\/index.php?rest_route=%2Fwp%2Fv2%2Fcomments&post=538"}],"version-history":[{"count":0,"href":"https:\/\/www.desdegranada.com\/site\/index.php?rest_route=\/wp\/v2\/posts\/538\/revisions"}],"wp:attachment":[{"href":"https:\/\/www.desdegranada.com\/site\/index.php?rest_route=%2Fwp%2Fv2%2Fmedia&parent=538"}],"wp:term":[{"taxonomy":"category","embeddable":true,"href":"https:\/\/www.desdegranada.com\/site\/index.php?rest_route=%2Fwp%2Fv2%2Fcategories&post=538"},{"taxonomy":"post_tag","embeddable":true,"href":"https:\/\/www.desdegranada.com\/site\/index.php?rest_route=%2Fwp%2Fv2%2Ftags&post=538"}],"curies":[{"name":"wp","href":"https:\/\/api.w.org\/{rel}","templated":true}]}}