{"id":539,"date":"2022-07-21T21:07:29","date_gmt":"2022-07-21T21:07:29","guid":{"rendered":"https:\/\/www.desdegranada.com\/site\/?p=539"},"modified":"2022-07-21T21:07:29","modified_gmt":"2022-07-21T21:07:29","slug":"cierres-en-via-granada-san-carlos-por-inicio-de-obras-de-pavimentacion","status":"publish","type":"post","link":"https:\/\/www.desdegranada.com\/site\/?p=539","title":{"rendered":"Cierres en v\u00eda Granada \u2013 San Carlos por inicio de obras de pavimentaci\u00f3n"},"content":{"rendered":"<p>El trayecto que comunica a los dos municipios consta de 42 kil\u00f3metros, y de estos restan 10km por asfaltar, por lo que la expectativa de los pobladores de ambas localidades de ver por fin la totalidad de la v\u00eda pavimentada es muy alta. El ver la obra concluida es una de las principales peticiones de alcaldes de ambos pueblos a la Gobernaci\u00f3n y Presidencia de la Rep\u00fablica.<\/p>\n<p>\u201cLa Gobernaci\u00f3n de Antioquia a trav\u00e9s Secretar\u00eda de Infraestructura F\u00edsica y el Consorcio V\u00edas Antioquia 2022 informan que, en el marco del proyecto \u201cMEJORAMIENTO DE LA V\u00cdA SOBRE EL CORREDOR GRANADA \u2013 EL CHOC\u00d3 \u2013 SAN CARLOS\u201d y con ocasi\u00f3n de la ejecuci\u00f3n de la obra en el corredor vial, se realizar\u00e1 cierre total de la v\u00eda desde el d\u00eda jueves 22 de julio de 2022 hasta el d\u00eda mi\u00e9rcoles 05 de abril de 2023, en el horario de 8:00 a.m. a 1:00 p.m\u201d se lee en el comunicado emitido por el consorcio y Gobernaci\u00f3n\u00a0de Antioquia.<\/p>\n<p>Sobre la necesiodad de los cierres, uno de los funcionarios explica que \u00abse realizar\u00e1n con el prop\u00f3sito de hacer excavaciones e instalar la tuber\u00eda (di\u00e1metros de 36 y 48 pulgadas) para las obras transversales o alcantarillas en el proceso de mejoramiento de la v\u00eda sobre el corredor vial de Granada a San Carlos, estas obras transversales tienen una longitud mayor a 6 metros las cuales ocupan todo el ancho de la v\u00eda y es por esto que se realiza el cierre en su totalidad\u00bb.<\/p>\n<p>Los cierres se extender\u00e1n hasta el mes de abril del a\u00f1o 2023.<\/p>\n<p><a href=\"https:\/\/drive.google.com\/file\/d\/1nj8Wr-IZdOjnU0hmwAL7oWKFq6CRSVIj\/view?usp=sharing\" target=\"_blank\" rel=\"noopener noreferrer\">Leer circular.<\/a><\/p>\n","protected":false},"excerpt":{"rendered":"<p>El consorcio v\u00edas Antioquia 2022 viene adelantando las obras de la pavimentaci\u00f3n de este corredor vial, el cual ha sido el sue\u00f1o de ambas localidades desde hace m\u00e1s de cuarenta a\u00f1os, y que poco a poco comienza a hacerse realidad.<\/p>\n","protected":false},"author":1,"featured_media":0,"comment_status":"open","ping_status":"open","sticky":false,"template":"","format":"standard","meta":{"footnotes":""},"categories":[19],"tags":[],"class_list":["post-539","post","type-post","status-publish","format-standard","hentry","category-noticias"],"_links":{"self":[{"href":"https:\/\/www.desdegranada.com\/site\/index.php?rest_route=\/wp\/v2\/posts\/539","targetHints":{"allow":["GET"]}}],"collection":[{"href":"https:\/\/www.desdegranada.com\/site\/index.php?rest_route=\/wp\/v2\/posts"}],"about":[{"href":"https:\/\/www.desdegranada.com\/site\/index.php?rest_route=\/wp\/v2\/types\/post"}],"author":[{"embeddable":true,"href":"https:\/\/www.desdegranada.com\/site\/index.php?rest_route=\/wp\/v2\/users\/1"}],"replies":[{"embeddable":true,"href":"https:\/\/www.desdegranada.com\/site\/index.php?rest_route=%2Fwp%2Fv2%2Fcomments&post=539"}],"version-history":[{"count":0,"href":"https:\/\/www.desdegranada.com\/site\/index.php?rest_route=\/wp\/v2\/posts\/539\/revisions"}],"wp:attachment":[{"href":"https:\/\/www.desdegranada.com\/site\/index.php?rest_route=%2Fwp%2Fv2%2Fmedia&parent=539"}],"wp:term":[{"taxonomy":"category","embeddable":true,"href":"https:\/\/www.desdegranada.com\/site\/index.php?rest_route=%2Fwp%2Fv2%2Fcategories&post=539"},{"taxonomy":"post_tag","embeddable":true,"href":"https:\/\/www.desdegranada.com\/site\/index.php?rest_route=%2Fwp%2Fv2%2Ftags&post=539"}],"curies":[{"name":"wp","href":"https:\/\/api.w.org\/{rel}","templated":true}]}}