{"id":540,"date":"2022-07-21T21:51:48","date_gmt":"2022-07-21T21:51:48","guid":{"rendered":"https:\/\/www.desdegranada.com\/site\/?p=540"},"modified":"2022-07-21T21:51:48","modified_gmt":"2022-07-21T21:51:48","slug":"la-actividad-deportiva-se-toma-granada-por-cuenta-de-los-juegos-departamentales-campesinos-veredales","status":"publish","type":"post","link":"https:\/\/www.desdegranada.com\/site\/?p=540","title":{"rendered":"La actividad deportiva se toma Granada por cuenta de los Juegos Departamentales Campesinos Veredales"},"content":{"rendered":"<p style=\"text-align: justify;\">Alrededor de 500 deportistas, que conforman las 19 delegaciones participantes, competir\u00e1n durante estos d\u00edas en las disciplinas de voleibol mixto, baloncesto femenino y masculino, f\u00fatbol de sal\u00f3n femenino y masculino, f\u00fatbol masculino y atletismo.<\/p>\n<p style=\"text-align: justify;\"><img loading=\"lazy\" decoding=\"async\" src=\"images\/Juegos_campesinos_1.jpg\" alt=\"\" width=\"750\" height=\"439\" \/><\/p>\n<p style=\"text-align: justify;\">\u201cEs volver a sacar los campesinos a la actividad deportiva, a la vida social, a la integraci\u00f3n; tambi\u00e9n nos ayuda a dinamizar el sector hotelero y comercial del municipio. significa integrar los municipios de todo el oriente, significa cohesi\u00f3n para el tema deportivo, social y de integraci\u00f3n despu\u00e9s del tema del covid que vivimos\u201d, destac\u00f3 Edwin Giraldo, coordinador de deportes de Granada.<\/p>\n<p style=\"text-align: justify;\">Granada por su parte tiene representaci\u00f3n en las disciplinas de f\u00fatbol de sal\u00f3n masculino y femenino, con selecciones conformadas por deportistas de las veredas Tafetanes, San Mat\u00edas, Quebradona Abajo, La Cascada, Reyes y el corregimiento de Santa Ana.<\/p>\n<p style=\"text-align: justify;\">\u201cTenemos un proceso que arranc\u00f3 el a\u00f1o pasado con estos deportistas de la zona rural con miras a estas justas. La expectativa es que \u00a0tengan un buen fogueo y que el otro a\u00f1o podamos ser protagonistas del zonal campesino\u201d, agreg\u00f3 Edwin sobre el trabajo realizado y lo que se espera lograr con los representativos locales.<\/p>\n<p style=\"text-align: justify;\"><img loading=\"lazy\" decoding=\"async\" src=\"images\/Juegos_campesinos_2.jpg\" alt=\"\" width=\"750\" height=\"439\" \/><\/p>\n<p style=\"text-align: justify;\">Los campeones en cada uno de los deportes y ramas tendr\u00e1n un lugar en la final departamental que se desarrollar\u00e1 en el municipio de Salgar en el mes de agosto.<\/p>\n","protected":false},"excerpt":{"rendered":"<p style=\"text-align: justify;\">Con un desfile y un acto inaugural inici\u00f3 este 20 de julio en granada el zonal oriente de los Juegos Departamentales Campesinos Veredales que se extender\u00e1n hasta el domingo 24, d\u00eda en que se disputar\u00e1n las distintas finales.<\/p>\n","protected":false},"author":1,"featured_media":0,"comment_status":"open","ping_status":"open","sticky":false,"template":"","format":"standard","meta":{"footnotes":""},"categories":[19],"tags":[],"class_list":["post-540","post","type-post","status-publish","format-standard","hentry","category-noticias"],"_links":{"self":[{"href":"https:\/\/www.desdegranada.com\/site\/index.php?rest_route=\/wp\/v2\/posts\/540","targetHints":{"allow":["GET"]}}],"collection":[{"href":"https:\/\/www.desdegranada.com\/site\/index.php?rest_route=\/wp\/v2\/posts"}],"about":[{"href":"https:\/\/www.desdegranada.com\/site\/index.php?rest_route=\/wp\/v2\/types\/post"}],"author":[{"embeddable":true,"href":"https:\/\/www.desdegranada.com\/site\/index.php?rest_route=\/wp\/v2\/users\/1"}],"replies":[{"embeddable":true,"href":"https:\/\/www.desdegranada.com\/site\/index.php?rest_route=%2Fwp%2Fv2%2Fcomments&post=540"}],"version-history":[{"count":0,"href":"https:\/\/www.desdegranada.com\/site\/index.php?rest_route=\/wp\/v2\/posts\/540\/revisions"}],"wp:attachment":[{"href":"https:\/\/www.desdegranada.com\/site\/index.php?rest_route=%2Fwp%2Fv2%2Fmedia&parent=540"}],"wp:term":[{"taxonomy":"category","embeddable":true,"href":"https:\/\/www.desdegranada.com\/site\/index.php?rest_route=%2Fwp%2Fv2%2Fcategories&post=540"},{"taxonomy":"post_tag","embeddable":true,"href":"https:\/\/www.desdegranada.com\/site\/index.php?rest_route=%2Fwp%2Fv2%2Ftags&post=540"}],"curies":[{"name":"wp","href":"https:\/\/api.w.org\/{rel}","templated":true}]}}