{"id":542,"date":"2022-07-25T20:18:40","date_gmt":"2022-07-25T20:18:40","guid":{"rendered":"https:\/\/www.desdegranada.com\/site\/?p=542"},"modified":"2022-07-25T20:18:40","modified_gmt":"2022-07-25T20:18:40","slug":"un-mes-sin-via-en-el-matadero-y-seguimos-a-la-espera-de-la-solucion-definitiva","status":"publish","type":"post","link":"https:\/\/www.desdegranada.com\/site\/?p=542","title":{"rendered":"Un mes sin v\u00eda en El Matadero y seguimos a la espera de la soluci\u00f3n definitiva"},"content":{"rendered":"<p style=\"text-align: justify;\">Carros represados, personas cargando sus equipajes de un lado de la v\u00eda al otro, ayudantes y choferes aseando sus veh\u00edculos a lo largo de la v\u00eda y hasta emprendedores con tiendas improvisadas son algunas de las escenas que se pueden evidenciar diariamente en la propia entrada al pueblo, todo esto precisamente por la p\u00e9rdida de la banca, hace ya un mes, en la v\u00eda Granada-Autopista, kil\u00f3metro 11+700; un punto cr\u00edtico que desde d\u00edas atr\u00e1s ven\u00eda evidenciando un avanzado deterioro.<\/p>\n<p style=\"text-align: justify;\"><img loading=\"lazy\" decoding=\"async\" src=\"images\/Va_El_Matadero_julio_25_2.jpg\" width=\"750\" height=\"439\" \/><\/p>\n<p style=\"text-align: justify;\">Cualquiera que se haya movilizado durante estos d\u00edas por este sector sabe de la cantidad de obst\u00e1culos que toca sortear para llegar a un lado u otro de la v\u00eda y continuar el recorrido, pero es m\u00e1s triste a\u00fan ver la dificultad con que algunas personas de la tercera edad deben hacerlo para poder viajar a Medell\u00edn o municipios vecinos a cumplir con una cita, hacerse ex\u00e1menes o porque simplemente quieren viajar.<\/p>\n<p style=\"text-align: justify;\">Recientemente varias actividades y celebraciones han sufrido el impacto por el da\u00f1o en este corredor vial. Las Fiestas de la Virgen del Carmen, el mercado campesino \u2018del Oriente con amor\u2019 que se desarrolla cada mes en la ciudad de Medell\u00edn, el encuentro de escuelas de ciclismo y el torneo abierto de ajedrez del 20 de julio, el zonal oriente de los Juegos Departamentales Campesinos, y hasta la celebraci\u00f3n del d\u00eda del campesino, se han interrumpido o han visto mermada su participaci\u00f3n por este motivo.<\/p>\n<p style=\"text-align: justify;\">Igualmente, el torneo senior master que ten\u00eda cita cada 15 d\u00edas en la cancha de El Carmelo, ha sido suspendido. S\u00famele a todo eso que los campesinos que tienen sus fincas en la v\u00eda Granada-San Carlos, ahora tienen que ingeni\u00e1rselas para poder transportarse al pueblo porque, entre otras cosas, los buses de COONORTE y Transoriente tampoco han podido volver a pasar.<\/p>\n<p style=\"text-align: justify;\">Hablemos no m\u00e1s del carro que transporta el gas natural para Granada. Cuando el conocido paso malo cerca a La Mayor\u00eda se pon\u00eda intransitable, casi todo el pueblo granadino se vio afectado porque el veh\u00edculo no pod\u00eda pasar y EPM, con sus argumentos, se negaba a realizar otras rutas. Hoy ir\u00f3nicamente, vemos que deben hacer un recorrido de cerca de 6 horas por San Rafael y San Carlos hasta llegar a nuestro municipio todo por la p\u00e9rdida de la banca a escasos metros de la planta de almacenamiento.<\/p>\n<p style=\"text-align: justify;\"><img loading=\"lazy\" decoding=\"async\" src=\"images\/Va_El_Matadero_julio_25_1.jpg\" alt=\"\" width=\"750\" height=\"439\" \/><\/p>\n<p style=\"text-align: justify;\">Pero no solamente el transporte se ha visto afectado, los comerciantes del municipio tambi\u00e9n han visto disminuidos los ingresos de su actividad econ\u00f3mica, ya que una gran parte de estos provienen del consumo de bienes y servicios de quienes se movilizan hacia localidades como San Carlos que, por la falta de la v\u00eda, que es adem\u00e1s la m\u00e1s cercana, tambi\u00e9n se encuentran perjudicados.<\/p>\n<p style=\"text-align: justify;\">Hace un a\u00f1o exactamente tambi\u00e9n est\u00e1bamos sufriendo porque a escasos metros de la autopista Medell\u00edn-Bogot\u00e1, el paso malo estaba intransitable y, al igual que hoy, consideramos que la respuesta de las instituciones responsables no ha estado a la altura. Todav\u00eda no se tiene bien claro qu\u00e9 es realmente lo que se va a hacer y, mientras tanto, las personas siguen arriesgando sus vidas para poder desplazarse y cumplir con sus deberes.<\/p>\n<p style=\"text-align: justify;\">Transportadores, comerciantes, quienes trabajan fuera de Granada, los campesinos, el granadino de a pie que debe desplazarse por esta v\u00eda para hacer sus diligencias fuera del municipio, y hasta los habitantes de San Carlos seguimos esperando una soluci\u00f3n que ya deber\u00edamos tener.<\/p>\n<p style=\"text-align: justify;\"><img loading=\"lazy\" decoding=\"async\" src=\"images\/Va_El_Matadero_julio_25_3.jpg\" width=\"750\" height=\"439\" \/><\/p>\n<p style=\"text-align: justify;\">La cantidad de personas que han dejado de venir al pueblo es mucha y eso se nota en la din\u00e1mica de la localidad. La Gobernaci\u00f3n de Antioquia, mientras tanto, contin\u00faa realizando los trabajos en este punto cr\u00edtico, que han tenido un lento avance por las condiciones clim\u00e1ticas y factores que se atribuyen a la magnitud del da\u00f1o, pero que hoy por fin se van evidenciando.<\/p>\n<p style=\"text-align: justify;\">Esperamos y esta vez s\u00ed, como se ha anunciado desde la secretar\u00eda de infraestructura departamental y la administraci\u00f3n municipal, se habilite por lo menos el paso a un carril para el mes de agosto. La presi\u00f3n ante la administraci\u00f3n municipal y a la Gobernaci\u00f3n de Antioquia debe mantenerse porque es necesario y urgente recuperar esta, que es nuestra v\u00eda principal y m\u00e1s importante.<\/p>\n<p>\u00a0<\/p>\n<p>\u00a0<\/p>\n","protected":false},"excerpt":{"rendered":"<p style=\"text-align: justify;\">Se cumple un mes de la p\u00e9rdida de la banca en el sector El Matadero, lo que a lo largo de estos 30\/31 d\u00edas ha significado un calvario para quienes se movilizan por este corredor vial, pero en especial para los habitantes de Granada.<\/p>\n","protected":false},"author":1,"featured_media":0,"comment_status":"open","ping_status":"open","sticky":false,"template":"","format":"standard","meta":{"footnotes":""},"categories":[19],"tags":[],"class_list":["post-542","post","type-post","status-publish","format-standard","hentry","category-noticias"],"_links":{"self":[{"href":"https:\/\/www.desdegranada.com\/site\/index.php?rest_route=\/wp\/v2\/posts\/542","targetHints":{"allow":["GET"]}}],"collection":[{"href":"https:\/\/www.desdegranada.com\/site\/index.php?rest_route=\/wp\/v2\/posts"}],"about":[{"href":"https:\/\/www.desdegranada.com\/site\/index.php?rest_route=\/wp\/v2\/types\/post"}],"author":[{"embeddable":true,"href":"https:\/\/www.desdegranada.com\/site\/index.php?rest_route=\/wp\/v2\/users\/1"}],"replies":[{"embeddable":true,"href":"https:\/\/www.desdegranada.com\/site\/index.php?rest_route=%2Fwp%2Fv2%2Fcomments&post=542"}],"version-history":[{"count":0,"href":"https:\/\/www.desdegranada.com\/site\/index.php?rest_route=\/wp\/v2\/posts\/542\/revisions"}],"wp:attachment":[{"href":"https:\/\/www.desdegranada.com\/site\/index.php?rest_route=%2Fwp%2Fv2%2Fmedia&parent=542"}],"wp:term":[{"taxonomy":"category","embeddable":true,"href":"https:\/\/www.desdegranada.com\/site\/index.php?rest_route=%2Fwp%2Fv2%2Fcategories&post=542"},{"taxonomy":"post_tag","embeddable":true,"href":"https:\/\/www.desdegranada.com\/site\/index.php?rest_route=%2Fwp%2Fv2%2Ftags&post=542"}],"curies":[{"name":"wp","href":"https:\/\/api.w.org\/{rel}","templated":true}]}}