{"id":543,"date":"2022-07-26T21:13:43","date_gmt":"2022-07-26T21:13:43","guid":{"rendered":"https:\/\/www.desdegranada.com\/site\/?p=543"},"modified":"2022-07-26T21:13:43","modified_gmt":"2022-07-26T21:13:43","slug":"sigue-inconformidad-de-la-comunidad-por-lento-avance-en-las-obras-del-punto-critico-de-el-matadero","status":"publish","type":"post","link":"https:\/\/www.desdegranada.com\/site\/?p=543","title":{"rendered":"Sigue inconformidad de la comunidad por lento avance en las obras del punto cr\u00edtico de El Matadero"},"content":{"rendered":"<p style=\"text-align: justify;\">\u201cGranada est\u00e1 totalmente perjudicada, no solo el camp\u00f3 sino tambi\u00e9n los comerciantes y uno no ve voluntad\u201d, Alfonso Tob\u00f3n, l\u00edder de los campesinos.<\/p>\n<p style=\"text-align: justify;\">\u201cQuedamos casi en las mismas porque nos van a dar una obra inconclusa, es algo que nos deja a mitad de camino\u201d, Sergio Giraldo Tamayo, comerciante del municipio.<\/p>\n<p style=\"text-align: justify;\">Los plazos para dar una soluci\u00f3n definitiva a la problem\u00e1tica se siguen extendiendo y esto tiene a la comunidad indignada, pues los argumentos de parte de los funcionarios de la Gobernaci\u00f3n siguen siendo los mismos en cada reuni\u00f3n, mientras que los campesinos y la comunidad deben seguir enfrentando numerosas dificultades para movilizarse y sacar sus productos al mercado.<\/p>\n<p style=\"text-align: justify;\">\u201cContin\u00faan los plazos, cada d\u00eda aumentan 8 d\u00edas y 15 d\u00edas m\u00e1s, ya hoy se aument\u00f3 a 7 d\u00edas adicionales, entonces no hay una soluci\u00f3n para poder terminar este paso\u201d, Diego Naranjo, presidente del concejo municipal.<\/p>\n<p style=\"text-align: justify;\"><img decoding=\"async\" src=\"images\/Reunin_El_Matadero_26_de_julio.jpg\" alt=\"\" \/><\/p>\n<p style=\"text-align: justify;\">Ahora se habla del 7 de agosto como fecha para habilitar el paso provisional a un carril, adem\u00e1s con un l\u00edmite de 10 toneladas de peso sumando veh\u00edculo y carga, lo que genera a\u00fan m\u00e1s inconformismo dentro de la comunidad.<\/p>\n<p style=\"text-align: justify;\">\u201cHoy me deja m\u00e1s preocupado que dicen que van a dejar veh\u00edculos hasta 10 toneladas no m\u00e1s, entonces todo el transporte, la alimentaci\u00f3n \u00bfpor d\u00f3nde ir\u00e1n a pasar?\u201d, plante\u00f3 el presidente del concejo. \u201cUn tonelaje de 10 toneladas no sirve. Un bus pesa 10 toneladas vac\u00edo, manifest\u00f3 Sergio Giraldo.<\/p>\n<p style=\"text-align: justify;\">L\u00edderes de los comerciantes, transportadores y de la comunidad manifestaron que llevar\u00e1n a cabo un plant\u00f3n en la autopista Medell\u00edn-Bogot\u00e1 el d\u00eda 1 de agosto en caso de que persista el retraso en las obras.<\/p>\n","protected":false},"excerpt":{"rendered":"<p style=\"text-align: justify;\">Con un sinsabor generalizado culmin\u00f3 reuni\u00f3n de la Secretar\u00eda de Infraestructura de la Gobernaci\u00f3n de Antioquia con transportadores, comerciantes y comunidad en general para hablar de los avances en las obras de recuperaci\u00f3n de la v\u00eda en el sector de El Matadero.<\/p>\n","protected":false},"author":1,"featured_media":0,"comment_status":"open","ping_status":"open","sticky":false,"template":"","format":"standard","meta":{"footnotes":""},"categories":[19],"tags":[],"class_list":["post-543","post","type-post","status-publish","format-standard","hentry","category-noticias"],"_links":{"self":[{"href":"https:\/\/www.desdegranada.com\/site\/index.php?rest_route=\/wp\/v2\/posts\/543","targetHints":{"allow":["GET"]}}],"collection":[{"href":"https:\/\/www.desdegranada.com\/site\/index.php?rest_route=\/wp\/v2\/posts"}],"about":[{"href":"https:\/\/www.desdegranada.com\/site\/index.php?rest_route=\/wp\/v2\/types\/post"}],"author":[{"embeddable":true,"href":"https:\/\/www.desdegranada.com\/site\/index.php?rest_route=\/wp\/v2\/users\/1"}],"replies":[{"embeddable":true,"href":"https:\/\/www.desdegranada.com\/site\/index.php?rest_route=%2Fwp%2Fv2%2Fcomments&post=543"}],"version-history":[{"count":0,"href":"https:\/\/www.desdegranada.com\/site\/index.php?rest_route=\/wp\/v2\/posts\/543\/revisions"}],"wp:attachment":[{"href":"https:\/\/www.desdegranada.com\/site\/index.php?rest_route=%2Fwp%2Fv2%2Fmedia&parent=543"}],"wp:term":[{"taxonomy":"category","embeddable":true,"href":"https:\/\/www.desdegranada.com\/site\/index.php?rest_route=%2Fwp%2Fv2%2Fcategories&post=543"},{"taxonomy":"post_tag","embeddable":true,"href":"https:\/\/www.desdegranada.com\/site\/index.php?rest_route=%2Fwp%2Fv2%2Ftags&post=543"}],"curies":[{"name":"wp","href":"https:\/\/api.w.org\/{rel}","templated":true}]}}