{"id":544,"date":"2022-07-29T13:58:43","date_gmt":"2022-07-29T13:58:43","guid":{"rendered":"https:\/\/www.desdegranada.com\/site\/?p=544"},"modified":"2022-07-29T13:58:43","modified_gmt":"2022-07-29T13:58:43","slug":"dos-granadinos-buscan-clasificar-a-la-semifinal-del-festival-nacional-de-la-trova-ciudad-de-medellin","status":"publish","type":"post","link":"https:\/\/www.desdegranada.com\/site\/?p=544","title":{"rendered":"Dos granadinos buscan clasificar a la semifinal del festival nacional de la trova ciudad de Medell\u00edn"},"content":{"rendered":"<p style=\"text-align: justify;\">El Cronista que ya se present\u00f3 el a\u00f1o pasado, tendr\u00e1 revancha este a\u00f1o\u00a0e intentar\u00e1\u00a0superar los diferentes filtros este s\u00e1bado en la casa de la cultura del Popular n\u00famero 1 en Santo Domingo, cerca a la biblioteca Espa\u00f1a.<\/p>\n<p style=\"text-align: justify;\">Jirafa har\u00e1 lo mismo pero el domingo 31 de julio en el Centro Cultural del barrio Moravia a todo el frente del terminal del norte.<\/p>\n<p style=\"text-align: justify;\">As\u00ed como lo han hecho ya Corozo y Pichingo, estos dos j\u00f3venes buscar\u00e1n dejar en alto el nombre de nuestro municipio con sus versos y rimas.<\/p>\n","protected":false},"excerpt":{"rendered":"<p style=\"text-align: justify;\">Se trata de dos j\u00f3venes promesas de la trova como lo son Jorge Zuluaga \u201cEl Cronista\u201d y Daniel Giraldo \u201cJirafa\u201d, qu\u00e9 buscar\u00e1n. este pr\u00f3ximo fin de semana, estar entre los clasificados a la semifinal y porque no a la gran final del Festival Nacional de la Trova Ciudad de Medell\u00edn que se desarrolla en el marco de la Feria de las Flores en el mes de agosto.<\/p>\n","protected":false},"author":1,"featured_media":0,"comment_status":"open","ping_status":"open","sticky":false,"template":"","format":"standard","meta":{"footnotes":""},"categories":[19],"tags":[],"class_list":["post-544","post","type-post","status-publish","format-standard","hentry","category-noticias"],"_links":{"self":[{"href":"https:\/\/www.desdegranada.com\/site\/index.php?rest_route=\/wp\/v2\/posts\/544","targetHints":{"allow":["GET"]}}],"collection":[{"href":"https:\/\/www.desdegranada.com\/site\/index.php?rest_route=\/wp\/v2\/posts"}],"about":[{"href":"https:\/\/www.desdegranada.com\/site\/index.php?rest_route=\/wp\/v2\/types\/post"}],"author":[{"embeddable":true,"href":"https:\/\/www.desdegranada.com\/site\/index.php?rest_route=\/wp\/v2\/users\/1"}],"replies":[{"embeddable":true,"href":"https:\/\/www.desdegranada.com\/site\/index.php?rest_route=%2Fwp%2Fv2%2Fcomments&post=544"}],"version-history":[{"count":0,"href":"https:\/\/www.desdegranada.com\/site\/index.php?rest_route=\/wp\/v2\/posts\/544\/revisions"}],"wp:attachment":[{"href":"https:\/\/www.desdegranada.com\/site\/index.php?rest_route=%2Fwp%2Fv2%2Fmedia&parent=544"}],"wp:term":[{"taxonomy":"category","embeddable":true,"href":"https:\/\/www.desdegranada.com\/site\/index.php?rest_route=%2Fwp%2Fv2%2Fcategories&post=544"},{"taxonomy":"post_tag","embeddable":true,"href":"https:\/\/www.desdegranada.com\/site\/index.php?rest_route=%2Fwp%2Fv2%2Ftags&post=544"}],"curies":[{"name":"wp","href":"https:\/\/api.w.org\/{rel}","templated":true}]}}