{"id":545,"date":"2022-07-29T22:19:41","date_gmt":"2022-07-29T22:19:41","guid":{"rendered":"https:\/\/www.desdegranada.com\/site\/?p=545"},"modified":"2022-07-29T22:19:41","modified_gmt":"2022-07-29T22:19:41","slug":"comunicado-publico-veeduria-ciudadana-via-granada-autopista","status":"publish","type":"post","link":"https:\/\/www.desdegranada.com\/site\/?p=545","title":{"rendered":"Comunicado p\u00fablico veedur\u00eda ciudadana v\u00eda Granada-Autopista"},"content":{"rendered":"<p style=\"text-align: justify;\">\u00a0<\/p>\n<p style=\"text-align: justify;\">\u00a0<\/p>\n<p style=\"text-align: justify;\">\u00a0<\/p>\n<p style=\"text-align: justify;\">Apreciada comunidad,<\/p>\n<p style=\"text-align: justify;\">La <strong>veedur\u00eda ciudadana del municipio de Granada Antioquia<\/strong> se permite informar que despu\u00e9s varias reuniones realizadas con representantes de la oficina de infraestructura f\u00edsica de la Gobernaci\u00f3n de Antioquia, el contratista que ejecuta la obra de la p\u00e9rdida de la banca en el sector del antiguo matadero y la interventor\u00eda de dicha obra llegamos a las siguientes conclusiones.<\/p>\n<p style=\"text-align: justify;\">\u00a0<\/p>\n<ol style=\"text-align: justify;\">\n<li>En la reuni\u00f3n realizada el d\u00eda 26 de julio se conform\u00f3 la veedur\u00eda ciudadana de Granada para vigilar y fiscalizar la obra en ejecuci\u00f3n, esto debido a las reiteradas quejas en la demora y el incumplimiento por parte del contratista en la ejecuci\u00f3n y la terminaci\u00f3n de los trabajos y por ende el perjuicio a las comunidades de Granada y San Carlos.<\/li>\n<li>Que los compromisos a los que se llegaron por parte de la secretaria de infraestructura f\u00edsica de la Gobernaci\u00f3n de Antioquia el d\u00eda 26 fue un cronograma mostrado por los contratistas donde daban por terminada la obra ser\u00eda el d\u00eda 7 de agosto del presente a\u00f1o y se manifest\u00f3 por parte de ellos lo siguiente:<\/li>\n<\/ol>\n<ol style=\"text-align: justify;\">\n<li>se colocar\u00e1 el emparrillado de la tuber\u00eda y se har\u00e1 el vaciado correspondiente.<\/li>\n<li>Despu\u00e9s de instalada la tuber\u00eda se fundir\u00e1 la losa que protege dichos tubos.<\/li>\n<li>Empezara el lleno con material limo con compactaci\u00f3n con rodillo.<\/li>\n<li>Por \u00faltimo, entrega el d\u00eda domingo 7 de agosto.<\/li>\n<\/ol>\n<p style=\"text-align: justify;\">\u00a0<\/p>\n<p style=\"text-align: justify;\">\u00a0<\/p>\n<p style=\"text-align: justify;\">Despu\u00e9s de las visitas realizadas a la obra por parte de la veedur\u00eda constatamos que se est\u00e1n cumpliendo con el cronograma expuesto por ellos, constatamos la contrataci\u00f3n de m\u00e1s personal en la obra, constatamos la instalaci\u00f3n de la tuber\u00eda y evidenciamos la preparaci\u00f3n del vaciado de la loza de concreto los d\u00edas s\u00e1bado 30 y 31 de julio, dejando los d\u00edas 1,2,3 de agosto para la fragua del concreto, tomando como d\u00eda de empezar el lleno con limo a partir del d\u00eda 4 de agosto, creemos que si el tiempo es satisfactorio sin lluvias que atrasen el vaciado de losa y el lleno con limo si se podr\u00e1 entregar obra el d\u00eda 7 de agosto o de pronto uno o dos d\u00edas de retraso dando paso provisional para veh\u00edculos livianos, pero continuando trabajos en la obra para el vaciado de aletas y obras complementarias.<\/p>\n<p style=\"text-align: justify;\">Es de anotar que por palabras del representante en la reuni\u00f3n de la de la secretaria de infraestructura f\u00edsica de la Gobernaci\u00f3n de Antioquia el d\u00eda 29 de julio, esta obra quedar\u00e1 as\u00ed, no habr\u00e1 puente y el peso m\u00e1ximo para veh\u00edculos es de 20 toneladas.<\/p>\n<p style=\"text-align: justify;\">\u00a0<\/p>\n<p style=\"text-align: justify;\"><strong>Veedur\u00eda ciudadana de Granada Antioquia<\/strong>.<\/p>\n<p style=\"text-align: justify;\">\u00a0<\/p>\n<p style=\"text-align: justify;\"><strong>ALFONSO TOB\u00d3N<\/strong><\/p>\n<p style=\"text-align: justify;\"><strong>PEDRO ARISTIZ\u00c1BAL<\/strong><\/p>\n<p style=\"text-align: justify;\"><strong>DIEGO NARANJO<\/strong><\/p>\n<p style=\"text-align: justify;\"><strong>SERGIO ARMANDO GIRALDO <\/strong><\/p>\n<p style=\"text-align: justify;\"><strong>FRANCIS GARC\u00cdA<\/strong><\/p>\n<p style=\"text-align: justify;\"><strong>WILSON ENRIQUE GIRALDO<\/strong><\/p>\n<p style=\"text-align: justify;\"><strong>ALEJANDRO MOLINA ARIAS<\/strong><\/p>\n<p style=\"text-align: justify;\"><strong>\u00a0<\/strong><\/p>\n<p>\u00a0<\/p>\n<p>\u00a0<\/p>\n<p>\u00a0<\/p>\n<p>\u00a0<\/p>\n","protected":false},"excerpt":{"rendered":"<p style=\"text-align: justify;\">Granada, julio 29 de 2022.<\/p>\n<p style=\"text-align: justify;\">\u00a0<\/p>\n<p style=\"text-align: justify;\"><strong>Comunicado p\u00fablico.<\/strong><\/p>\n","protected":false},"author":1,"featured_media":0,"comment_status":"open","ping_status":"open","sticky":false,"template":"","format":"standard","meta":{"footnotes":""},"categories":[19],"tags":[],"class_list":["post-545","post","type-post","status-publish","format-standard","hentry","category-noticias"],"_links":{"self":[{"href":"https:\/\/www.desdegranada.com\/site\/index.php?rest_route=\/wp\/v2\/posts\/545","targetHints":{"allow":["GET"]}}],"collection":[{"href":"https:\/\/www.desdegranada.com\/site\/index.php?rest_route=\/wp\/v2\/posts"}],"about":[{"href":"https:\/\/www.desdegranada.com\/site\/index.php?rest_route=\/wp\/v2\/types\/post"}],"author":[{"embeddable":true,"href":"https:\/\/www.desdegranada.com\/site\/index.php?rest_route=\/wp\/v2\/users\/1"}],"replies":[{"embeddable":true,"href":"https:\/\/www.desdegranada.com\/site\/index.php?rest_route=%2Fwp%2Fv2%2Fcomments&post=545"}],"version-history":[{"count":0,"href":"https:\/\/www.desdegranada.com\/site\/index.php?rest_route=\/wp\/v2\/posts\/545\/revisions"}],"wp:attachment":[{"href":"https:\/\/www.desdegranada.com\/site\/index.php?rest_route=%2Fwp%2Fv2%2Fmedia&parent=545"}],"wp:term":[{"taxonomy":"category","embeddable":true,"href":"https:\/\/www.desdegranada.com\/site\/index.php?rest_route=%2Fwp%2Fv2%2Fcategories&post=545"},{"taxonomy":"post_tag","embeddable":true,"href":"https:\/\/www.desdegranada.com\/site\/index.php?rest_route=%2Fwp%2Fv2%2Ftags&post=545"}],"curies":[{"name":"wp","href":"https:\/\/api.w.org\/{rel}","templated":true}]}}