{"id":547,"date":"2022-08-04T22:29:48","date_gmt":"2022-08-04T22:29:48","guid":{"rendered":"https:\/\/www.desdegranada.com\/site\/?p=547"},"modified":"2022-08-04T22:29:48","modified_gmt":"2022-08-04T22:29:48","slug":"finca-escuela-tierra-viva-un-espacio-para-aprender-de-agroecologia","status":"publish","type":"post","link":"https:\/\/www.desdegranada.com\/site\/?p=547","title":{"rendered":"Finca escuela tierra viva, un espacio para aprender de agroecolog\u00eda."},"content":{"rendered":"<p style=\"text-align: justify;\">\u00a0\u201cLe estamos apostando a una educaci\u00f3n agroecol\u00f3gica para nuestros campesinos y para las personas que puedan ser formadores de formadores en su zona y puedan replicar todo este proceso educativo, expres\u00f3 Yaneth Galeano, directora de la Fundaci\u00f3n Coogranada.<\/p>\n<p style=\"text-align: justify;\"><img loading=\"lazy\" decoding=\"async\" src=\"images\/Finca_escuela_Tierra_Viva.jpg\" alt=\"\" width=\"750\" height=\"439\" \/><\/p>\n<p style=\"text-align: justify;\">La propuesta tuvo gran acogida entre los campesinos asistentes, \u201ces lago de lo que me gusta, siempre he tenido la preocupaci\u00f3n que estamos acabando con la tierra con tantos insecticidas\u201d, mencion\u00f3 Sandra Jim\u00e9nez del corregimiento de Santa Ana.\u00a0 Por su parte Paulo Hugo, de San Carlos, resalt\u00f3 que \u201cson cosas que uno ve que nos van ayudar a cuidar el medio ambiente. Nelson Morales, de Alejandr\u00eda, dice que lo motiv\u00f3 que \u201c ya ando metido en el cuento de producir de forma muy ecol\u00f3gica y vengo con la expectativa de enriquecer los conocimientos\u201d.\u00a0\u00a0\u00a0<\/p>\n","protected":false},"excerpt":{"rendered":"<p style=\"text-align: justify;\">Finca escuela tierra viva es una iniciativa de la Cooperativa Coogranada que busca capacitar a asociados de 5 municipios de la zona rural en t\u00e9cnicas de siembra org\u00e1nica y amigables con la naturaleza, y as\u00ed tener certeza de que los productos que llegan a la mesa son saludables y aportan a la nutrici\u00f3n familiar.<\/p>\n","protected":false},"author":1,"featured_media":0,"comment_status":"open","ping_status":"open","sticky":false,"template":"","format":"standard","meta":{"footnotes":""},"categories":[19],"tags":[],"class_list":["post-547","post","type-post","status-publish","format-standard","hentry","category-noticias"],"_links":{"self":[{"href":"https:\/\/www.desdegranada.com\/site\/index.php?rest_route=\/wp\/v2\/posts\/547","targetHints":{"allow":["GET"]}}],"collection":[{"href":"https:\/\/www.desdegranada.com\/site\/index.php?rest_route=\/wp\/v2\/posts"}],"about":[{"href":"https:\/\/www.desdegranada.com\/site\/index.php?rest_route=\/wp\/v2\/types\/post"}],"author":[{"embeddable":true,"href":"https:\/\/www.desdegranada.com\/site\/index.php?rest_route=\/wp\/v2\/users\/1"}],"replies":[{"embeddable":true,"href":"https:\/\/www.desdegranada.com\/site\/index.php?rest_route=%2Fwp%2Fv2%2Fcomments&post=547"}],"version-history":[{"count":0,"href":"https:\/\/www.desdegranada.com\/site\/index.php?rest_route=\/wp\/v2\/posts\/547\/revisions"}],"wp:attachment":[{"href":"https:\/\/www.desdegranada.com\/site\/index.php?rest_route=%2Fwp%2Fv2%2Fmedia&parent=547"}],"wp:term":[{"taxonomy":"category","embeddable":true,"href":"https:\/\/www.desdegranada.com\/site\/index.php?rest_route=%2Fwp%2Fv2%2Fcategories&post=547"},{"taxonomy":"post_tag","embeddable":true,"href":"https:\/\/www.desdegranada.com\/site\/index.php?rest_route=%2Fwp%2Fv2%2Ftags&post=547"}],"curies":[{"name":"wp","href":"https:\/\/api.w.org\/{rel}","templated":true}]}}