{"id":548,"date":"2022-08-05T14:32:22","date_gmt":"2022-08-05T14:32:22","guid":{"rendered":"https:\/\/www.desdegranada.com\/site\/?p=548"},"modified":"2022-08-05T14:32:22","modified_gmt":"2022-08-05T14:32:22","slug":"dairo-andres-gomez-giraldo-nuevo-sacerdote-granadino","status":"publish","type":"post","link":"https:\/\/www.desdegranada.com\/site\/?p=548","title":{"rendered":"Dairo Andr\u00e9s G\u00f3mez Giraldo nuevo sacerdote granadino"},"content":{"rendered":"<p style=\"text-align: justify;\"><img loading=\"lazy\" decoding=\"async\" src=\"images\/Hermano_Dairo_Andrs_1.jpg\" alt=\"\" width=\"750\" height=\"439\" \/><\/p>\n<p style=\"text-align: justify;\">El Hermano Dairo Andr\u00e9s, quien vivi\u00f3 su ni\u00f1ez en la vereda Las Faldas del municipio, hace parte de la comunidad religiosa Hijos e Hijas del FIAT y fue ordenado como nuevo pastor de la Iglesia cat\u00f3lica por monse\u00f1or Fidel Le\u00f3n Cadavid Mar\u00edn, obispo de la Di\u00f3cesis de Sons\u00f3n Rionegro.<\/p>\n<p style=\"text-align: justify;\"><img loading=\"lazy\" decoding=\"async\" src=\"images\/Hermano_Dairo_Andrs_2.jpg\" alt=\"\" width=\"750\" height=\"439\" \/><\/p>\n<p style=\"text-align: justify;\">A las 10 de la ma\u00f1ana de este domingo 7 de agosto el padre Dairo Andr\u00e9s celebrar\u00e1 en Granada su primera eucarist\u00eda. Esta tendr\u00e1 lugar en el templo parroquial.<\/p>\n","protected":false},"excerpt":{"rendered":"<p style=\"text-align: justify;\">En la parroquia Nuestra Se\u00f1ora del Rosario de Chiquinquir\u00e1 de El Pe\u00f1ol recibi\u00f3 la ordenaci\u00f3n sacerdotal, el jueves 4 de agosto, el Hermano Dairo Andr\u00e9s G\u00f3mez Giraldo.<\/p>\n","protected":false},"author":1,"featured_media":0,"comment_status":"open","ping_status":"open","sticky":false,"template":"","format":"standard","meta":{"footnotes":""},"categories":[19],"tags":[],"class_list":["post-548","post","type-post","status-publish","format-standard","hentry","category-noticias"],"_links":{"self":[{"href":"https:\/\/www.desdegranada.com\/site\/index.php?rest_route=\/wp\/v2\/posts\/548","targetHints":{"allow":["GET"]}}],"collection":[{"href":"https:\/\/www.desdegranada.com\/site\/index.php?rest_route=\/wp\/v2\/posts"}],"about":[{"href":"https:\/\/www.desdegranada.com\/site\/index.php?rest_route=\/wp\/v2\/types\/post"}],"author":[{"embeddable":true,"href":"https:\/\/www.desdegranada.com\/site\/index.php?rest_route=\/wp\/v2\/users\/1"}],"replies":[{"embeddable":true,"href":"https:\/\/www.desdegranada.com\/site\/index.php?rest_route=%2Fwp%2Fv2%2Fcomments&post=548"}],"version-history":[{"count":0,"href":"https:\/\/www.desdegranada.com\/site\/index.php?rest_route=\/wp\/v2\/posts\/548\/revisions"}],"wp:attachment":[{"href":"https:\/\/www.desdegranada.com\/site\/index.php?rest_route=%2Fwp%2Fv2%2Fmedia&parent=548"}],"wp:term":[{"taxonomy":"category","embeddable":true,"href":"https:\/\/www.desdegranada.com\/site\/index.php?rest_route=%2Fwp%2Fv2%2Fcategories&post=548"},{"taxonomy":"post_tag","embeddable":true,"href":"https:\/\/www.desdegranada.com\/site\/index.php?rest_route=%2Fwp%2Fv2%2Ftags&post=548"}],"curies":[{"name":"wp","href":"https:\/\/api.w.org\/{rel}","templated":true}]}}