{"id":549,"date":"2022-08-05T21:32:34","date_gmt":"2022-08-05T21:32:34","guid":{"rendered":"https:\/\/www.desdegranada.com\/site\/?p=549"},"modified":"2022-08-05T21:32:34","modified_gmt":"2022-08-05T21:32:34","slug":"hugo-tamayo-del-comercio-y-los-negocios-a-las-letras-y-la-tierra","status":"publish","type":"post","link":"https:\/\/www.desdegranada.com\/site\/?p=549","title":{"rendered":"Hugo Tamayo, del comercio y los negocios a las letras y la tierra"},"content":{"rendered":"<p style=\"text-align: justify;\">Por: Faiber Salazar. &#8211; Twitter: @soy_fai<\/p>\n<p style=\"text-align: justify;\">A muy temprana edad decidi\u00f3 que quer\u00eda trabajar y ganarse su propio dinero. Tuvo un taller de bicicletas, pas\u00f3 por granero, por revuelter\u00eda y panader\u00eda, pero fracas\u00f3. La clave de su \u00e9xito fue posiblemente el no rendirse y aventurarse una, y otra, y otra vez en las ideas de negocio que se le met\u00edan en la cabeza, y es as\u00ed como luego de quebrarse en varias oportunidades, empez\u00f3 a fabricar empaques de carro de manera artesanal, logrando m\u00e1s adelante llevar esta idea a convertirse en la exitosa empresa \u2018Empaquetaduras Tamayo Hermanos\u2019.<\/p>\n<p style=\"text-align: justify;\">\u201cEmpec\u00e9 a hacer empaques de carro con dos amigos. El negocio con ellos no sirvi\u00f3 y al a\u00f1o y pico le dije a mi hermano que entrara al negocio. -Tranquilo que yo ya s\u00e9 hacer empaques y esto lo echamos pa adelante-\u201d, fueron las palabras que Hugo le transmiti\u00f3 a su hermano. \u201cY con el eche pa adelante, \u2018Empaquetaduras Tamayo Hermanos, severa empresa\u2019, recuerda.<\/p>\n<p style=\"text-align: justify;\">\u201cSi uno se pone a matarse mucho, lo que hace es llenarse de plata\u201d fue lo que se dijo a s\u00ed mismo algunos meses despu\u00e9s de cumplir sus 50 a\u00f1os y a partir de ah\u00ed no trabaj\u00f3 m\u00e1s. \u201cNo quise trabajar m\u00e1s. A los once meses despu\u00e9s de cumplir cincuenta a\u00f1os no abr\u00ed la oficina\u201d, y fue ese el primer paso para volver a Granada.<\/p>\n<p style=\"text-align: justify;\"><img loading=\"lazy\" decoding=\"async\" src=\"images\/Hugo_Tamayo_2.jpg\" alt=\"\" width=\"750\" height=\"439\" \/><\/p>\n<p style=\"text-align: justify;\">En el a\u00f1o 2011 mientras investigaba sobre el conflicto armado en el municipio, vio en estado de abandono la casa en la que hab\u00eda nacido, en la vereda La Quiebra, y empez\u00f3 a buscar la manera de comprarla. \u201cHab\u00eda que abrirla como dicen los campesinos, y constru\u00ed otra vez en tapia en los mismos cimientos de donde yo nac\u00ed\u201d, pero all\u00ed solo se quedaba ocasionalmente, pues en el casco urbano tambi\u00e9n tiene su apartamento.<\/p>\n<p style=\"text-align: justify;\">Fue con la cuarentena decretada por la llegada de la pandemia del covid 19 que Hugo se instal\u00f3 de manera definitiva en \u2018Las dos vacas\u2019, nombre que le puso a su finca en honor a su madre, lo que le sirvi\u00f3 para apegarse a la tierra y aprender a cultivar. \u201cLa pandemia me dej\u00f3 encerrado aqu\u00ed y empec\u00e9 a cultivar ma\u00edz y ya voy en 32 o 33 productos que cosecho\u201d.<\/p>\n<p style=\"text-align: justify;\">Uno de sus deseos era escribir un libro, y muy a su manera, plasm\u00f3 la historia de su vida hasta los 50 a\u00f1os y, m\u00e1s adelante, cont\u00f3 tambi\u00e9n la historia de su empresa. Empez\u00f3 a leer y a capacitarse en periodismo para ser escritor. \u201cEntr\u00e9 a la universidad, pero no pas\u00e9 del primer semestre. Cog\u00eda todas las materias que ten\u00edan que ver con periodismo porque yo ve\u00eda que todo el que escrib\u00eda pasaba por comunicaci\u00f3n social\u201d.<\/p>\n<p style=\"text-align: justify;\">Con m\u00e1s conocimiento del ejercicio de escribir public\u00f3 su libro \u201cLo que el banco se llev\u00f3\u201d y continuando cada d\u00eda su preparaci\u00f3n y participando de varios talleres literarios, ha escrito ya otras cuantas obras\u00a0que han engrandecido su figura de escritor. \u201cDesde el Sal\u00f3n del Nunca M\u00e1s\u201d y \u201cDos velorios\u201d, que relatan parte de la historia del conflicto armado en Granada y San Carlos, respectivamente, son sus obras m\u00e1s importantes y le han valido varios logros y reconocimientos, el m\u00e1s significativo quiz\u00e1s, un tercer puesto de un premio de periodismo.<\/p>\n<p style=\"text-align: justify;\"><img decoding=\"async\" src=\"images\/Hugo_Tamayo_1.jpg\" alt=\"\" \/><\/p>\n<p style=\"text-align: justify;\">\u201cCon el libro Desde el Sal\u00f3n del Nunca m\u00e1s, mand\u00e9 una cr\u00f3nica de esas a concurso y gan\u00e9 el tercer puesto, y uno sin haber estudiado periodismo, tener un premio de periodismo un tercer puesto, es como si fuera un nobel\u201d.<\/p>\n<p style=\"text-align: justify;\">Sobre su vida de hoy, que transcurre mayormente en el campo, no se queja y por el contrario pareciera que ya de all\u00e1 no se devuelve para la ciudad, \u201cla riqueza m\u00eda es esto, la casa donde vivir, mi pensioncita\u2026 Y aqu\u00ed se vive bueno, con el 15% de lo que viv\u00eda en el a\u00f1o 2000\u201d.<\/p>\n<p style=\"text-align: justify;\">Sentado junto a una mesa en el corredor de \u2018Las dos vacas\u2019, se\u00f1ala la parte de su parcela que queda frente a \u00e9l y dice: \u00abaqu\u00ed voy a hacer el hueco pa que me entierren\u00bb para dejar escapar luego una larga carcajada.<\/p>\n<p style=\"text-align: justify;\">\u00a0<\/p>\n<p style=\"text-align: justify;\"><iframe loading=\"lazy\" src=\"\/\/www.youtube.com\/embed\/dIqm8pC_wnA\" width=\"560\" height=\"314\" allowfullscreen=\"allowfullscreen\"><\/iframe><\/p>\n<p>\u00a0<\/p>\n<p>\u00a0<\/p>\n","protected":false},"excerpt":{"rendered":"<p style=\"text-align: justify;\">Tal vez ni Hugo mismo se imagin\u00f3 salir de su pueblo natal Granada, recorrer el pa\u00eds y el mundo viviendo su vida loca y haciendo negocios, y volver un d\u00eda, despu\u00e9s de mucho tiempo, al lugar en el que su historia comenz\u00f3.<\/p>\n","protected":false},"author":1,"featured_media":0,"comment_status":"open","ping_status":"open","sticky":false,"template":"","format":"standard","meta":{"footnotes":""},"categories":[20],"tags":[],"class_list":["post-549","post","type-post","status-publish","format-standard","hentry","category-columnistas"],"_links":{"self":[{"href":"https:\/\/www.desdegranada.com\/site\/index.php?rest_route=\/wp\/v2\/posts\/549","targetHints":{"allow":["GET"]}}],"collection":[{"href":"https:\/\/www.desdegranada.com\/site\/index.php?rest_route=\/wp\/v2\/posts"}],"about":[{"href":"https:\/\/www.desdegranada.com\/site\/index.php?rest_route=\/wp\/v2\/types\/post"}],"author":[{"embeddable":true,"href":"https:\/\/www.desdegranada.com\/site\/index.php?rest_route=\/wp\/v2\/users\/1"}],"replies":[{"embeddable":true,"href":"https:\/\/www.desdegranada.com\/site\/index.php?rest_route=%2Fwp%2Fv2%2Fcomments&post=549"}],"version-history":[{"count":0,"href":"https:\/\/www.desdegranada.com\/site\/index.php?rest_route=\/wp\/v2\/posts\/549\/revisions"}],"wp:attachment":[{"href":"https:\/\/www.desdegranada.com\/site\/index.php?rest_route=%2Fwp%2Fv2%2Fmedia&parent=549"}],"wp:term":[{"taxonomy":"category","embeddable":true,"href":"https:\/\/www.desdegranada.com\/site\/index.php?rest_route=%2Fwp%2Fv2%2Fcategories&post=549"},{"taxonomy":"post_tag","embeddable":true,"href":"https:\/\/www.desdegranada.com\/site\/index.php?rest_route=%2Fwp%2Fv2%2Ftags&post=549"}],"curies":[{"name":"wp","href":"https:\/\/api.w.org\/{rel}","templated":true}]}}