{"id":550,"date":"2022-08-06T20:47:11","date_gmt":"2022-08-06T20:47:11","guid":{"rendered":"https:\/\/www.desdegranada.com\/site\/?p=550"},"modified":"2022-08-06T20:47:11","modified_gmt":"2022-08-06T20:47:11","slug":"despues-de-20-anos-vereda-san-miguel-vuelve-a-tener-junta-de-accion-comunal","status":"publish","type":"post","link":"https:\/\/www.desdegranada.com\/site\/?p=550","title":{"rendered":"Despu\u00e9s de 20 a\u00f1os vereda San Miguel vuelve a tener Junta de Acci\u00f3n Comunal"},"content":{"rendered":"<p style=\"text-align: justify;\">Fue la segunda escuela rural construida en el municipio en el a\u00f1o de 1889, tuvo muchos habitantes. Debido al trazo de la v\u00eda Granada \u2013 Sacarlos, la cual se culmin\u00f3 en el a\u00f1o de 1957, la vereda fue perdiendo importancia, puesto que, todo el movimiento e intercambio comercial que se hac\u00eda por el antiguo camino, empez\u00f3 a realizarse por la nueva v\u00eda.<\/p>\n<p style=\"text-align: justify;\">Posteriormente con la agudizaci\u00f3n del conflicto armado en la zona, el cual gener\u00f3 m\u00e1s desplazamiento, la vereda qued\u00f3 con pocos habitantes y la crisis social se empeor\u00f3, ocasionando cierre de la escuela y de la desintegraci\u00f3n de la junta de acci\u00f3n comunal. <\/p>\n<p>En Granada son 52 veredas y en estos momentos se tienen 47 juntas de acci\u00f3n comunal activas. 36 pertenecen a la asocomunal de Granada y 11 a la asocomunal Santa Ana. En el momento est\u00e1n en proceso de activaci\u00f3n la de San Miguel y La Linda. <\/p>\n<p>Reactivaci\u00f3n Junta Acci\u00f3n Comunal San Miguel. <br \/>El domingo 31 de julio se realiz\u00f3 reuni\u00f3n de conformaci\u00f3n de la JAC de la vereda San Miguel con 28 asistentes, una junta que se busca recuperar despu\u00e9s de 20 a\u00f1os.<br \/>Conversamos con Tania Yurany Duque G\u00f3mez, una de las lideres del proceso de reactivaci\u00f3n de la Junta de Acci\u00f3n Comunal de la Vereda:<\/p>\n<p style=\"text-align: justify;\">D. G.: \u00bfQue nos puede contar de la vereda San Miguel? <br \/>T. D: Es una de las 52 veredas que tiene el municipio de Granada, con historias de patria viva, caminos con historia por donde los ej\u00e9rcitos de Florencio O&#8217;Leary Edencan de Bol\u00edvar fue guiado para llegar a El Santuario a darle la \u00faltima batalla del H\u00e9roe de Ayacucho Jos\u00e9 Mar\u00eda C\u00f3rdoba.<br \/>Camino rial que comunica con el Magdalena Medio.<br \/>Es una vereda que anteriormente fue una de las m\u00e1s pobladas y en extensi\u00f3n es una de las m\u00e1s grandes de nuestro hermoso municipio.<br \/>Cuenta con un predio fiscal designado para la escuela veredal que hoy queremos restaurar con la ayuda de la administraci\u00f3n, escuela donde hace m\u00e1s de 50 a\u00f1os algunos fueron educados y hoy nos relatan con orgullo esas historias.<\/p>\n<p style=\"text-align: justify;\">D.G: \u00bfCu\u00e1ntos habitantes tiene aproximadamente?<\/p>\n<p style=\"text-align: justify;\">T. D: Es sumamente importante resaltar que desde que llegamos a la vereda hab\u00eda aproximadamente 50 finqueros, hoy con nosotros los nuevos o antiguos rurales, granadinos que estamos retornando a nuestro pueblo, casi que doblando ese n\u00famero.<br \/>D. G: \u00bfC\u00f3mo ha sido el proceso de reactivaci\u00f3n de la Junta de Acci\u00f3n Comunal?<\/p>\n<p style=\"text-align: justify;\">T. D: La verdad es que nos sentimos, no en un proceso de reactivaci\u00f3n sino como quien llega a darle continuidad a los anteriores proyectos, somos coequiperos de esos l\u00edderes que nunca se han ido de la vereda San Miguel y que con grandes esfuerzos han trabajado incansablemente para suplir las necesidades de la vereda, luchando contra viento y marea, sin ning\u00fan tipo de ayuda estatal, departamental, ni municipal. Hoy aprovechamos para invitar a la administraci\u00f3n municipal para que aunemos esfuerzos y sean part\u00edcipes del renacimiento de la vereda San Miguel.<\/p>\n<p style=\"text-align: justify;\">D.G: \u00bfQue proyecci\u00f3n tienen en la vereda?<\/p>\n<p style=\"text-align: justify;\">T. D: A corto, mediano y largo plazo <br \/>&#8211; Contamos con la conformaci\u00f3n de un equipo interdisciplinario en la vereda, como lo es principalmente la sabidur\u00eda de nuestros vecinos, ese campesinado que por d\u00e9cadas ha mantenido la tradici\u00f3n y vocaci\u00f3n veredal viva a trav\u00e9s de la agricultura, ganader\u00eda y las nuevas acciones que est\u00e1n impactando el medio ambiente con la producci\u00f3n de ox\u00edgeno.<br \/>&#8211; A corto plazo contar con la adecuaci\u00f3n de la v\u00eda principal, lo cual como habitantes de la vereda lo vemos como un derecho primordial que propende a mejorar nuestra calidad de vida con un acceso digno al territorio y evitar as\u00ed la migraci\u00f3n y abandono de los predios por no tener v\u00edas de acceso dignas, que nuestros adultos mayores sientan confianza ante una calamidad para poder evacuar en caso de emergencia a cualquier hora del d\u00eda, que nuestros ni\u00f1os y j\u00f3venes no se sientan aislados para acceder al derecho fundamental a la educaci\u00f3n por las deficientes condiciones de la v\u00eda veredal.<br \/>&#8211; A mediano plazo contar con servicios p\u00fablicos de calidad, que como todos los ciudadanos colombianos tenemos derecho y estamos amparados por la constituci\u00f3n para acceder a la oferta institucional de salud, educaci\u00f3n, acueducto y alcantarillado, alimentaci\u00f3n y la posibilidad de generar recursos econ\u00f3micos.<br \/>&#8211; A largo plazo convertir a San Miguel en el nuevo corregimiento del Municipio de Granada. Con la ayuda de Dios y el Poder Comunal saldremos adelante en la vereda San Miguel<br \/>Como lo podemos evidenciar tanto los campesinos que siempre han habitado la vereda y los nuevos que han ido llegando, se empieza dinamizar la vida social de una comunidad que tuvo gran influencia en el desarrollo municipal.<\/p>\n<p style=\"text-align: justify;\"><img loading=\"lazy\" decoding=\"async\" src=\"images\/Asocomunal_San_Mihuel.jpg\" alt=\"\" width=\"750\" height=\"439\" \/><\/p>\n<p style=\"text-align: justify;\">Nueva mesa directiva de la Asocomunal Granada:<\/p>\n<p style=\"text-align: justify;\">La Asocomunal es la organizaci\u00f3n de segundo nivel que agrupa a las diferentes Junta de Acci\u00f3n Comunal. Los delegados conforman la Asamblea que se re\u00fane una vez al mes y eligen la mesa directiva que se encarga de liderar los diferentes procesos comunales:<\/p>\n<p style=\"text-align: justify;\">El domingo 31 de julio se eligi\u00f3 la nueva mesa directiva que estar\u00e1 los pr\u00f3ximos cuatros a\u00f1os liderando el proceso comunal de Granada, qued\u00f3 conformado de la siguiente manera: presidente, Alcides Quintero de la vereda El Tabor; vicepresidente, Agust\u00edn Quintero, de la vereda Los Medios; Tesorero, Carlos Rom\u00e1n de la vereda Las Vegas; Secretaria, Sonia Giraldo, verada Minitas; Fiscal, Arsecio Su\u00e1rez, Las Vegas; Fiscal Suplemente, Andr\u00e9s vereda Vahitos.<\/p>\n<p style=\"text-align: justify;\">Solo tres veredas en la actualidad no cuentan con Junta de Acci\u00f3n Comunal: La Mesa, La Florida y Cristalina Cruces.<\/p>\n<p style=\"text-align: justify;\">Hay que resaltar que existe una nueva ley comunal la n\u00famero 2166 que habla de varias reformas en las Junta Acci\u00f3n donde pide mayor organizaci\u00f3n, digitalizaci\u00f3n, pero tambi\u00e9n le permite m\u00e1s opci\u00f3n de contratar con el Estado.<\/p>\n<p style=\"text-align: justify;\">El movimiento comunal en el municipio de Granada ha generado mucho desarrollo social a las comunidades, las Juntas de Acci\u00f3n Comunal han logrado construir carreteras, escuelas y muchas obras de bien comunitario.<\/p>\n","protected":false},"excerpt":{"rendered":"<p style=\"text-align: justify;\">La vereda San Miguel est\u00e1 ubicada en l\u00edmites con las veredas El Chuscal, Tafetanes y La Aguada, adem\u00e1s con el municipio de Guatap\u00e9. En su momento fue una zona de mucha importancia para el municipio de Granada, puesto que por all\u00ed pasaba el camino que nos comunicaba con San Carlos, antes de la construcci\u00f3n de la actual v\u00eda, iniciada en el a\u00f1o de 1941.<\/p>\n","protected":false},"author":1,"featured_media":0,"comment_status":"open","ping_status":"open","sticky":false,"template":"","format":"standard","meta":{"footnotes":""},"categories":[19],"tags":[],"class_list":["post-550","post","type-post","status-publish","format-standard","hentry","category-noticias"],"_links":{"self":[{"href":"https:\/\/www.desdegranada.com\/site\/index.php?rest_route=\/wp\/v2\/posts\/550","targetHints":{"allow":["GET"]}}],"collection":[{"href":"https:\/\/www.desdegranada.com\/site\/index.php?rest_route=\/wp\/v2\/posts"}],"about":[{"href":"https:\/\/www.desdegranada.com\/site\/index.php?rest_route=\/wp\/v2\/types\/post"}],"author":[{"embeddable":true,"href":"https:\/\/www.desdegranada.com\/site\/index.php?rest_route=\/wp\/v2\/users\/1"}],"replies":[{"embeddable":true,"href":"https:\/\/www.desdegranada.com\/site\/index.php?rest_route=%2Fwp%2Fv2%2Fcomments&post=550"}],"version-history":[{"count":0,"href":"https:\/\/www.desdegranada.com\/site\/index.php?rest_route=\/wp\/v2\/posts\/550\/revisions"}],"wp:attachment":[{"href":"https:\/\/www.desdegranada.com\/site\/index.php?rest_route=%2Fwp%2Fv2%2Fmedia&parent=550"}],"wp:term":[{"taxonomy":"category","embeddable":true,"href":"https:\/\/www.desdegranada.com\/site\/index.php?rest_route=%2Fwp%2Fv2%2Fcategories&post=550"},{"taxonomy":"post_tag","embeddable":true,"href":"https:\/\/www.desdegranada.com\/site\/index.php?rest_route=%2Fwp%2Fv2%2Ftags&post=550"}],"curies":[{"name":"wp","href":"https:\/\/api.w.org\/{rel}","templated":true}]}}