{"id":551,"date":"2022-08-08T22:32:57","date_gmt":"2022-08-08T22:32:57","guid":{"rendered":"https:\/\/www.desdegranada.com\/site\/?p=551"},"modified":"2022-08-08T22:32:57","modified_gmt":"2022-08-08T22:32:57","slug":"elizabeth-castano-busca-ser-protagonista-en-la-vuelta-a-colombia-femenina-2022","status":"publish","type":"post","link":"https:\/\/www.desdegranada.com\/site\/?p=551","title":{"rendered":"Elizabeth Casta\u00f1o busca ser protagonista en la Vuelta a Colombia Femenina 2022"},"content":{"rendered":"<p style=\"text-align: justify;\">Se trata de la Vuelta a Colombia Femenina 2022, que tendr\u00e1 su inicio este martes 9 de agosto en el municipio de Sop\u00f3, Cundinamarca, y para la que la ciclista formada en el Club Escuela de Ciclismo de Granada ya tiene listo su \u2018caballito de acero\u2019.<\/p>\n<p style=\"text-align: justify;\">Con su equipo Sistecr\u00e9dito GW, Elizabeth buscar\u00e1, una vez m\u00e1s, sobresalir a lo largo de las 6 etapas que suman m\u00e1s de\u00a0<strong>500 kil\u00f3metros<\/strong> de recorrido.<\/p>\n<p style=\"text-align: justify;\">Un trayecto de 112,2 kil\u00f3metros entre el municipio de Sop\u00f3 y la ciudad de Tunja (Sop\u00f3, Tocancip\u00e1, Gachancip\u00e1, Chocont\u00e1, Villapinz\u00f3n, Venta Quemada y Tunja) servir\u00e1 a la granadina para medir a sus contrincantes y evaluar las posibilidades de estar en el podio.<\/p>\n","protected":false},"excerpt":{"rendered":"<p style=\"text-align: justify;\">Con informaci\u00f3n de:<strong><em> misticadeportiva.com<\/em><\/strong><\/p>\n<p style=\"text-align: justify;\">El calendario competitivo de Elizabeth Casta\u00f1o no da tregua. A poco m\u00e1s de una semana de terminar su participaci\u00f3n en el Nacional de Pista en Cali, en el que por cierto fue protagonista, la pedalista ya est\u00e1 preparada para destacarse en una nueva competici\u00f3n.<\/p>\n","protected":false},"author":1,"featured_media":0,"comment_status":"open","ping_status":"open","sticky":false,"template":"","format":"standard","meta":{"footnotes":""},"categories":[19],"tags":[],"class_list":["post-551","post","type-post","status-publish","format-standard","hentry","category-noticias"],"_links":{"self":[{"href":"https:\/\/www.desdegranada.com\/site\/index.php?rest_route=\/wp\/v2\/posts\/551","targetHints":{"allow":["GET"]}}],"collection":[{"href":"https:\/\/www.desdegranada.com\/site\/index.php?rest_route=\/wp\/v2\/posts"}],"about":[{"href":"https:\/\/www.desdegranada.com\/site\/index.php?rest_route=\/wp\/v2\/types\/post"}],"author":[{"embeddable":true,"href":"https:\/\/www.desdegranada.com\/site\/index.php?rest_route=\/wp\/v2\/users\/1"}],"replies":[{"embeddable":true,"href":"https:\/\/www.desdegranada.com\/site\/index.php?rest_route=%2Fwp%2Fv2%2Fcomments&post=551"}],"version-history":[{"count":0,"href":"https:\/\/www.desdegranada.com\/site\/index.php?rest_route=\/wp\/v2\/posts\/551\/revisions"}],"wp:attachment":[{"href":"https:\/\/www.desdegranada.com\/site\/index.php?rest_route=%2Fwp%2Fv2%2Fmedia&parent=551"}],"wp:term":[{"taxonomy":"category","embeddable":true,"href":"https:\/\/www.desdegranada.com\/site\/index.php?rest_route=%2Fwp%2Fv2%2Fcategories&post=551"},{"taxonomy":"post_tag","embeddable":true,"href":"https:\/\/www.desdegranada.com\/site\/index.php?rest_route=%2Fwp%2Fv2%2Ftags&post=551"}],"curies":[{"name":"wp","href":"https:\/\/api.w.org\/{rel}","templated":true}]}}