{"id":552,"date":"2022-08-10T16:01:25","date_gmt":"2022-08-10T16:01:25","guid":{"rendered":"https:\/\/www.desdegranada.com\/site\/?p=552"},"modified":"2022-08-10T16:01:25","modified_gmt":"2022-08-10T16:01:25","slug":"desde-hoy-habra-paso-en-el-kilometro-11700-de-la-via-granada-autopista","status":"publish","type":"post","link":"https:\/\/www.desdegranada.com\/site\/?p=552","title":{"rendered":"Desde hoy habr\u00e1 paso en el kil\u00f3metro 11+700 de la v\u00eda Granada-Autopista"},"content":{"rendered":"<p style=\"text-align: justify;\">Motos y carros de un peso no mayor a 20 toneladas podr\u00e1n movilizarse por la v\u00eda a partir del mediod\u00eda de hoy mi\u00e9rcoles.<\/p>\n<p style=\"text-align: justify;\">Estos son los horarios que ha establecido la empresa contratista para la apertura de la v\u00eda:<\/p>\n<p style=\"text-align: justify;\">De 7:30a.m. a 12:00p.m. cierre.<\/p>\n<p style=\"text-align: justify;\">De 12:00p.m. a 1:30p.m. apertura.<\/p>\n<p style=\"text-align: justify;\">De 1:30p.m. a 5:00p.m. cierre.<\/p>\n<p style=\"text-align: justify;\">De 5:00p.m. &#8211; 7:30a.m. apertura.<\/p>\n<p style=\"text-align: justify;\"><img loading=\"lazy\" decoding=\"async\" src=\"images\/Paso_va_Granada-Autopista.jpg\" alt=\"\" width=\"750\" height=\"439\" \/><\/p>\n<p style=\"text-align: justify;\">Se recomienda a los conductores acatar las recomendaciones de la firma que trabaja en la recuperaci\u00f3n de la banca para poder continuar con las obras que permitan habilitar el paso de manera definitiva.<\/p>\n","protected":false},"excerpt":{"rendered":"<p style=\"text-align: justify;\">Luego de 40 d\u00edas con dificultades para el tr\u00e1nsito de veh\u00edculos por la p\u00e9rdida de la banca en el kil\u00f3metro 11+700, sector El Matadero, se permitir\u00e1 desde este 10 de agosto la circulaci\u00f3n de transporte por este punto.<\/p>\n","protected":false},"author":1,"featured_media":0,"comment_status":"open","ping_status":"open","sticky":false,"template":"","format":"standard","meta":{"footnotes":""},"categories":[19],"tags":[],"class_list":["post-552","post","type-post","status-publish","format-standard","hentry","category-noticias"],"_links":{"self":[{"href":"https:\/\/www.desdegranada.com\/site\/index.php?rest_route=\/wp\/v2\/posts\/552","targetHints":{"allow":["GET"]}}],"collection":[{"href":"https:\/\/www.desdegranada.com\/site\/index.php?rest_route=\/wp\/v2\/posts"}],"about":[{"href":"https:\/\/www.desdegranada.com\/site\/index.php?rest_route=\/wp\/v2\/types\/post"}],"author":[{"embeddable":true,"href":"https:\/\/www.desdegranada.com\/site\/index.php?rest_route=\/wp\/v2\/users\/1"}],"replies":[{"embeddable":true,"href":"https:\/\/www.desdegranada.com\/site\/index.php?rest_route=%2Fwp%2Fv2%2Fcomments&post=552"}],"version-history":[{"count":0,"href":"https:\/\/www.desdegranada.com\/site\/index.php?rest_route=\/wp\/v2\/posts\/552\/revisions"}],"wp:attachment":[{"href":"https:\/\/www.desdegranada.com\/site\/index.php?rest_route=%2Fwp%2Fv2%2Fmedia&parent=552"}],"wp:term":[{"taxonomy":"category","embeddable":true,"href":"https:\/\/www.desdegranada.com\/site\/index.php?rest_route=%2Fwp%2Fv2%2Fcategories&post=552"},{"taxonomy":"post_tag","embeddable":true,"href":"https:\/\/www.desdegranada.com\/site\/index.php?rest_route=%2Fwp%2Fv2%2Ftags&post=552"}],"curies":[{"name":"wp","href":"https:\/\/api.w.org\/{rel}","templated":true}]}}