{"id":553,"date":"2022-08-10T17:38:25","date_gmt":"2022-08-10T17:38:25","guid":{"rendered":"https:\/\/www.desdegranada.com\/site\/?p=553"},"modified":"2022-08-10T17:38:25","modified_gmt":"2022-08-10T17:38:25","slug":"el-sena-ofertara-en-el-municipio-el-programa-en-tecnologo-en-gestion-administrativa","status":"publish","type":"post","link":"https:\/\/www.desdegranada.com\/site\/?p=553","title":{"rendered":"El Sena ofertar\u00e1 en el municipio el programa en tecn\u00f3logo en gesti\u00f3n administrativa"},"content":{"rendered":"<p style=\"text-align: justify;\">La formaci\u00f3n iniciar\u00e1 en el mes de septiembre, en el horario de 5:00p.m. a 9:00p.m. \u00a0de lunes a viernes. Para acceder a la tecnolog\u00eda se debe ser bachiller y haber presentado las pruebas icfes.<\/p>\n<p style=\"text-align: justify;\">Para realizar la pre inscripci\u00f3n debe ingresar al siguiente link y diligenciar la informaci\u00f3n.<\/p>\n<p style=\"text-align: justify;\"><a href=\"https:\/\/docs.google.com\/forms\/d\/e\/1FAIpQLSf0CYsDlHN7SJ8HV6ug0RQ1BD-1jwMw6vt2ZTBrr0jsys_XTw\/viewform\" target=\"_blank\" rel=\"noopener noreferrer\">Formulario pre inscripci\u00f3n.<\/a><\/p>\n","protected":false},"excerpt":{"rendered":"<p style=\"text-align: justify;\">El Sena ofertar\u00e1 en el Granada el programa en tecn\u00f3logo en gesti\u00f3n administrativa que tendr\u00e1 una duraci\u00f3n de 18 meses y una vez finalizadas las clases se tendr\u00e1 un periodo de pr\u00e1ctica de 6 meses. \u00a0<\/p>\n","protected":false},"author":1,"featured_media":0,"comment_status":"open","ping_status":"open","sticky":false,"template":"","format":"standard","meta":{"footnotes":""},"categories":[19],"tags":[],"class_list":["post-553","post","type-post","status-publish","format-standard","hentry","category-noticias"],"_links":{"self":[{"href":"https:\/\/www.desdegranada.com\/site\/index.php?rest_route=\/wp\/v2\/posts\/553","targetHints":{"allow":["GET"]}}],"collection":[{"href":"https:\/\/www.desdegranada.com\/site\/index.php?rest_route=\/wp\/v2\/posts"}],"about":[{"href":"https:\/\/www.desdegranada.com\/site\/index.php?rest_route=\/wp\/v2\/types\/post"}],"author":[{"embeddable":true,"href":"https:\/\/www.desdegranada.com\/site\/index.php?rest_route=\/wp\/v2\/users\/1"}],"replies":[{"embeddable":true,"href":"https:\/\/www.desdegranada.com\/site\/index.php?rest_route=%2Fwp%2Fv2%2Fcomments&post=553"}],"version-history":[{"count":0,"href":"https:\/\/www.desdegranada.com\/site\/index.php?rest_route=\/wp\/v2\/posts\/553\/revisions"}],"wp:attachment":[{"href":"https:\/\/www.desdegranada.com\/site\/index.php?rest_route=%2Fwp%2Fv2%2Fmedia&parent=553"}],"wp:term":[{"taxonomy":"category","embeddable":true,"href":"https:\/\/www.desdegranada.com\/site\/index.php?rest_route=%2Fwp%2Fv2%2Fcategories&post=553"},{"taxonomy":"post_tag","embeddable":true,"href":"https:\/\/www.desdegranada.com\/site\/index.php?rest_route=%2Fwp%2Fv2%2Ftags&post=553"}],"curies":[{"name":"wp","href":"https:\/\/api.w.org\/{rel}","templated":true}]}}