{"id":554,"date":"2022-08-12T17:11:33","date_gmt":"2022-08-12T17:11:33","guid":{"rendered":"https:\/\/www.desdegranada.com\/site\/?p=554"},"modified":"2022-08-12T17:11:33","modified_gmt":"2022-08-12T17:11:33","slug":"con-una-nueva-generacion-de-lectores-renace-la-revista-quijotadas","status":"publish","type":"post","link":"https:\/\/www.desdegranada.com\/site\/?p=554","title":{"rendered":"Con una nueva generaci\u00f3n de lectores renace la revista Quijotadas"},"content":{"rendered":"<p style=\"text-align: justify;\">39 a\u00f1os despu\u00e9s de la primera publicaci\u00f3n de Quijotadas, una nueva generaci\u00f3n de lectores le apuesta a revivir esta pieza de expresi\u00f3n literaria a partir su gusto por los libros y las letras, su visi\u00f3n del entorno y sus experiencias personales.<\/p>\n<p style=\"text-align: justify;\"><img loading=\"lazy\" decoding=\"async\" src=\"images\/Quijotadas_2022.jpg\" alt=\"\" width=\"750\" height=\"439\" \/><\/p>\n<p style=\"text-align: justify;\">En los primeros d\u00edas de este mes de agosto, entr\u00f3 en circulaci\u00f3n el primer n\u00famero de Quijotadas 2.0, una primera recopilaci\u00f3n de escritos del club de lectura \u2018Lectores de la libertad\u2019, del que hacen parte entre otros Katherine Giraldo, bibliotecaria de la Biblioteca P\u00fablica Jes\u00fas Mar\u00eda Yepes; Nohora Ossa, Diana G\u00f3mez, Juliana G\u00f3mez y Jeison Giraldo.<\/p>\n<p style=\"text-align: justify;\">\u201cSaludamos complacidos esta nueva reaparici\u00f3n y les deseamos larga vida y una fecund\u00edsima producci\u00f3n literaria para benepl\u00e1cito de nuestros lectores\u201d, escribi\u00f3 en el pr\u00f3logo de esta primera edici\u00f3n Mario G\u00f3mez, uno de los miembros y creadores de Quijotadas all\u00e1 por 1983.<\/p>\n","protected":false},"excerpt":{"rendered":"<p style=\"text-align: justify;\">Hasta 1989 se public\u00f3 la revista Quijotadas, un proyecto del C\u00edrculo de Lectores de Granada que funcionaba en la Casa de la Cultura y que estaba integrado en aquella \u00e9poca por Mario G\u00f3mez, Gerardo Alzate, Iv\u00e1n Dar\u00edo Hoyos, Jorge Alberto G\u00f3mez y otros tantos personajes amantes de la lectura.<\/p>\n","protected":false},"author":1,"featured_media":0,"comment_status":"open","ping_status":"open","sticky":false,"template":"","format":"standard","meta":{"footnotes":""},"categories":[19],"tags":[],"class_list":["post-554","post","type-post","status-publish","format-standard","hentry","category-noticias"],"_links":{"self":[{"href":"https:\/\/www.desdegranada.com\/site\/index.php?rest_route=\/wp\/v2\/posts\/554","targetHints":{"allow":["GET"]}}],"collection":[{"href":"https:\/\/www.desdegranada.com\/site\/index.php?rest_route=\/wp\/v2\/posts"}],"about":[{"href":"https:\/\/www.desdegranada.com\/site\/index.php?rest_route=\/wp\/v2\/types\/post"}],"author":[{"embeddable":true,"href":"https:\/\/www.desdegranada.com\/site\/index.php?rest_route=\/wp\/v2\/users\/1"}],"replies":[{"embeddable":true,"href":"https:\/\/www.desdegranada.com\/site\/index.php?rest_route=%2Fwp%2Fv2%2Fcomments&post=554"}],"version-history":[{"count":0,"href":"https:\/\/www.desdegranada.com\/site\/index.php?rest_route=\/wp\/v2\/posts\/554\/revisions"}],"wp:attachment":[{"href":"https:\/\/www.desdegranada.com\/site\/index.php?rest_route=%2Fwp%2Fv2%2Fmedia&parent=554"}],"wp:term":[{"taxonomy":"category","embeddable":true,"href":"https:\/\/www.desdegranada.com\/site\/index.php?rest_route=%2Fwp%2Fv2%2Fcategories&post=554"},{"taxonomy":"post_tag","embeddable":true,"href":"https:\/\/www.desdegranada.com\/site\/index.php?rest_route=%2Fwp%2Fv2%2Ftags&post=554"}],"curies":[{"name":"wp","href":"https:\/\/api.w.org\/{rel}","templated":true}]}}