{"id":555,"date":"2022-08-19T22:39:46","date_gmt":"2022-08-19T22:39:46","guid":{"rendered":"https:\/\/www.desdegranada.com\/site\/?p=555"},"modified":"2022-08-19T22:39:46","modified_gmt":"2022-08-19T22:39:46","slug":"en-sus-20-anos-cooingra-vivio-su-primera-asamblea-de-representantes","status":"publish","type":"post","link":"https:\/\/www.desdegranada.com\/site\/?p=555","title":{"rendered":"En sus 20 a\u00f1os, Cooingra vivi\u00f3 su primera asamblea de representantes"},"content":{"rendered":"<p style=\"text-align: justify;\">Igual que como lo hacen desde hace ya varios a\u00f1os los asociados de las cooperativas fundadoras, los representantes Cooingra, que previamente fueron elegidos por los asociados a nivel nacional, conocieron el trabajo de la cooperativa durante el \u00faltimo a\u00f1o y eligieron a los integrantes del consejo de administraci\u00f3n y la junta de vigilancia.<\/p>\n<p style=\"text-align: justify;\"><img loading=\"lazy\" decoding=\"async\" src=\"images\/Cooingra_Asamblea_1.jpg\" alt=\"\" width=\"750\" height=\"439\" \/><\/p>\n<p style=\"text-align: justify;\">\u201cMuy bacana la asamblea y eso nos ayuda a reunirnos todos los representantes, unir ideas m\u00e1s de las que ten\u00edamos antes\u201d, destac\u00f3 Carlos Mario C\u00e1rdenas, representante infantil por Bogot\u00e1. \u201cEntre todos esperamos que Cooingra sea un poco m\u00e1s grande y que sea reconocida en muchos m\u00e1s lugares\u201d, dijo por su parte Luis Miguel Sep\u00falveda, representante juvenil por el municipio de Ca\u00f1asgordas.<\/p>\n<p style=\"text-align: justify;\"><img loading=\"lazy\" decoding=\"async\" src=\"images\/Cooingra_Asamblea_2.jpg\" alt=\"\" width=\"750\" height=\"439\" \/><\/p>\n<p style=\"text-align: justify;\">Yamile L\u00f3pez, coordinadora de la cooperativa, resalt\u00f3 que \u201clos chicos lo han tomado con mucha seriedad, mucha responsabilidad. Vemos mucho compromiso en las actividades que tenemos, en el trabajo por equipos que estamos realizando\u201d.<\/p>\n<p style=\"text-align: justify;\">Todo este trabajo que desarrollaron los representantes entre el 13 y el 15 de agosto, cont\u00f3 con el acompa\u00f1amiento de los coordinadores de la cooperativa en cada una de las oficinas y los directivos de Coogranada y Creafam.<\/p>\n<p>\u00a0<\/p>\n","protected":false},"excerpt":{"rendered":"<p style=\"text-align: justify;\">Con la participaci\u00f3n de 28 ni\u00f1os y j\u00f3venes que llegaron desde las diferentes ciudades y municipios en donde Creafam y Coogranada hacen presencia, la cooperativa Cooingra tuvo en Granada su primera asamblea de representantes, previo a la celebraci\u00f3n de sus 20 a\u00f1os de existencia.<\/p>\n","protected":false},"author":1,"featured_media":0,"comment_status":"open","ping_status":"open","sticky":false,"template":"","format":"standard","meta":{"footnotes":""},"categories":[19],"tags":[],"class_list":["post-555","post","type-post","status-publish","format-standard","hentry","category-noticias"],"_links":{"self":[{"href":"https:\/\/www.desdegranada.com\/site\/index.php?rest_route=\/wp\/v2\/posts\/555","targetHints":{"allow":["GET"]}}],"collection":[{"href":"https:\/\/www.desdegranada.com\/site\/index.php?rest_route=\/wp\/v2\/posts"}],"about":[{"href":"https:\/\/www.desdegranada.com\/site\/index.php?rest_route=\/wp\/v2\/types\/post"}],"author":[{"embeddable":true,"href":"https:\/\/www.desdegranada.com\/site\/index.php?rest_route=\/wp\/v2\/users\/1"}],"replies":[{"embeddable":true,"href":"https:\/\/www.desdegranada.com\/site\/index.php?rest_route=%2Fwp%2Fv2%2Fcomments&post=555"}],"version-history":[{"count":0,"href":"https:\/\/www.desdegranada.com\/site\/index.php?rest_route=\/wp\/v2\/posts\/555\/revisions"}],"wp:attachment":[{"href":"https:\/\/www.desdegranada.com\/site\/index.php?rest_route=%2Fwp%2Fv2%2Fmedia&parent=555"}],"wp:term":[{"taxonomy":"category","embeddable":true,"href":"https:\/\/www.desdegranada.com\/site\/index.php?rest_route=%2Fwp%2Fv2%2Fcategories&post=555"},{"taxonomy":"post_tag","embeddable":true,"href":"https:\/\/www.desdegranada.com\/site\/index.php?rest_route=%2Fwp%2Fv2%2Ftags&post=555"}],"curies":[{"name":"wp","href":"https:\/\/api.w.org\/{rel}","templated":true}]}}