{"id":556,"date":"2022-08-20T16:00:49","date_gmt":"2022-08-20T16:00:49","guid":{"rendered":"https:\/\/www.desdegranada.com\/site\/?p=556"},"modified":"2022-08-20T16:00:49","modified_gmt":"2022-08-20T16:00:49","slug":"circulacion-de-vehiculos-por-la-via-granada-san-carlos-entre-una-problematica-para-la-movilidad-y-un-potencial-economico-para-el-municipio","status":"publish","type":"post","link":"https:\/\/www.desdegranada.com\/site\/?p=556","title":{"rendered":"Circulaci\u00f3n de veh\u00edculos por la v\u00eda Granada \u2013 San Carlos, entre una problem\u00e1tica para la movilidad y un potencial econ\u00f3mico para el municipio"},"content":{"rendered":"<p style=\"text-align: justify;\">Por varios momentos se registr\u00f3 congesti\u00f3n vehicular, por lo que el paso de los automotores por el casco urbano deb\u00eda ser r\u00e1pido para evitar congestiones. Algunos carros particulares y buses paraban para descansar un poco, tomar un tinto o comer algo, pero debido al poco espacio dispuesto para el parqueo, la mayor parte deb\u00edan seguir su recorrido.<\/p>\n<p style=\"text-align: justify;\">La petici\u00f3n de la pavimentaci\u00f3n de la v\u00eda Granada \u2013 San Carlos es un clamor que se ha sentido por muchos a\u00f1os y avanza poco a poco, restando cada vez menos para culminar la pavimentaci\u00f3n total. En la actualidad faltan aproximadamente 10 kil\u00f3metros por asfaltar, los cuales est\u00e1n en ejecuci\u00f3n, esperando que tenga un final feliz este anhelo de m\u00e1s de 40 a\u00f1os.\u00a0<\/p>\n<p style=\"text-align: justify;\">Los atractivos tur\u00edsticos de San Carlos hacen que muchas personas lo tengan como destino habitual los fines de semana, especialmente los festivos, con lo que se viene para Granada un desaf\u00edo enorme, con el aumento de veh\u00edculos pasando por La Variante, evidenciado el puente festivo del 15 de agosto.\u00a0<\/p>\n<p style=\"text-align: justify;\">Ante este desaf\u00edo surgen varias preguntas: \u00bfC\u00f3mo aprovechar el alto flujo vehicular? \u00bfQu\u00e9 hacer para que no solamente veamos pasar carros? \u00bfC\u00f3mo debemos prepararnos para que ese impacto sea positivo para la econom\u00eda granadina?<\/p>\n<p style=\"text-align: justify;\">El tr\u00e1nsito de veh\u00edculos podr\u00eda generar un impacto econ\u00f3mico importante para Granada, especialmente en La Variante, ya que este sector recoge gran parte de los establecimientos de comercio del municipio y sin duda, son mayormente los turistas y quienes est\u00e1n de paso por el municipio los que consumen distintos bienes y servicios en la localidad.<\/p>\n<p style=\"text-align: justify;\"><img loading=\"lazy\" decoding=\"async\" src=\"images\/Trfico_La_Variante_1.jpg\" width=\"750\" height=\"439\" \/><\/p>\n<p style=\"text-align: justify;\">Desde cafeter\u00edas, restaurantes y comerciantes con una mayor capacidad econ\u00f3mica, hasta los peque\u00f1os venteros que se ubican a lo largo de este trayecto, ven impactada su econom\u00eda gracias al flujo de automotores y obviamente de personas hacia Medell\u00edn y San Carlos, pues en sus pausas dentro del municipio muchos de ellos consumen desde un tinto, un dulce o un paquete de papas, hasta un almuerzo. Otros aprovechan esta pausa para hacer mercado, realizar alguna transacci\u00f3n y\/o comprar o usar cualquier otro producto o servicio en los distintos establecimientos de comercio, lo que da un mayor dinamismo a la econom\u00eda local.<\/p>\n<p style=\"text-align: justify;\">Para los comerciantes de La Variante, el nivel de ventas aumenta cuando las empresas de transporte y conductores de veh\u00edculos hacen uso de esta v\u00eda para desplazarse. Tanto es as\u00ed que durante los d\u00edas en que la v\u00eda Granada-Autopista estuvo totalmente cerrada en el sector conocido como El Matadero, kil\u00f3metro 11+700, el gremio del comercio fue el m\u00e1s afectado junto al sector transporte.<\/p>\n<p style=\"text-align: justify;\"><strong><em>\u00bfQu\u00e9 hace falta entonces?<\/em><\/strong><\/p>\n<p style=\"text-align: justify;\">Por sus caracter\u00edsticas actuales y las posibilidades de expansi\u00f3n que ofrece para el futuro, evidentemente Granada carece de espacios centrales que permitan el desarrollo de obras que brinden una mayor comodidad a los visitantes y a la vez disfrutar de la oferta que tiene el municipio en diferentes campos.<\/p>\n<p style=\"text-align: justify;\">Ante la pregunta \u00bfqu\u00e9 debemos hacer como municipio y como comunidad para potenciar el comercio y el turismo aprovechando el alto flujo vehicular que pasa por Granada?, propuesta a trav\u00e9s de las redes sociales de la emisora, la mayor\u00eda de comentarios coinciden primero en una intervenci\u00f3n urgente y total de la v\u00eda de acceso a la localidad y la necesidad de un parqueadero cercano a la zona de La Variante o La Plaza. De la misma manera, quienes opinaron, consideran que hace falta una mayor organizaci\u00f3n en el municipio en cuanto a puntos de informaci\u00f3n para turistas y oferta de entretenimiento como museos, sitios importantes del municipio y espacios naturales para hacer turismo.<\/p>\n<p style=\"text-align: justify;\">\u201cEsta v\u00eda Granada-San Carlos tiene un potencial econ\u00f3mico que aun los granadinos no hemos logrado sacar su mayor provecho. Todos hemos visto que, en tiempo de puentes, el flujo vehicular es alto y la demanda por servicios son requeridos\u201d, manifiesta Francis Garc\u00eda.<\/p>\n<p style=\"text-align: justify;\">\u201cEs buscar estrategias donde se pueda parquear mientras la gente se come un helado, conoce a Granada, se toma una foto. El tema del comercio hay que mejorarlo. Si alguien de Medell\u00edn busca en Granada qu\u00e9 hay para hacer, realmente no hay mucha informaci\u00f3n de hoteles, de restaurantes. Otra cosa ser\u00eda, desde la administraci\u00f3n municipal, con el tema de turismo tener una caseta con un punto de informaci\u00f3n sobre lo que hay para hacer en Granada\u201d, expresa Gladys Casta\u00f1o.<\/p>\n<p style=\"text-align: justify;\"><img loading=\"lazy\" decoding=\"async\" src=\"images\/Trfico_La_Variante_2.jpg\" alt=\"\" width=\"750\" height=\"439\" \/><\/p>\n<p style=\"text-align: justify;\"><strong><em>Transformaci\u00f3n de la variante <\/em><\/strong><\/p>\n<p style=\"text-align: justify;\">Creemos que se debe empezar a proyectar una transformaci\u00f3n de La Variante, donde se pueda brindar una alternativa a todas las personas que empezar\u00e1n a pasar por Granada para que puedan parar y estos a su vez hagan sus compras. Adem\u00e1s, es necesario generar una apuesta tur\u00edstica para esas personas, por ejemplo, que puedan ingresar a la casa de la cultura, visitar los museos, templo parroquial, emisora y dem\u00e1s edificios e instituciones importantes que se encuentra cerca de La Variante.\u00a0<\/p>\n<p style=\"text-align: justify;\">En primera medida se debe pensar en una adecuaci\u00f3n de parqueo que permita que se estacionen una buena cantidad de veh\u00edculos sin afectar el paso hacia San Carlos y Medell\u00edn. La pregunta es d\u00f3nde podr\u00eda ser. En varias ocasiones se ha planteado la posibilidad de prolongar el \u00e1rea de parqueo de la plazoleta Tiberio de J. Salazar y Herrera y\/o montallantas de los Caravanas, a trav\u00e9s de un sistema de contenci\u00f3n en pilotes que permita la ampliaci\u00f3n de la losa y as\u00ed poder ubicar una buena cantidad de veh\u00edculos.<\/p>\n<p style=\"text-align: justify;\">Granada no puede seguir siendo solamente un municipio de paso para el transporte p\u00fablico y particular. Con la pavimentaci\u00f3n total de la v\u00eda Granada-San Carlos, tiende a consolidarse a\u00fan m\u00e1s como un corredor estrat\u00e9gico para llegar a la capital del departamento y otros municipios como Guatap\u00e9, El Pe\u00f1ol y San Luis, pero debemos proyectarnos, tener visi\u00f3n de futuro (no muy lejano) y trabajar de manera articulada entre instituciones y comunidad para desarrollar estrategias que nos posibiliten a Granada y sus habitantes tener protagonismo en la regi\u00f3n, beneficiarnos en materia econ\u00f3mica del paso de automotores y de personas, y potenciarnos como un destino tur\u00edstico apetecible en el Oriente Antioque\u00f1o.<\/p>\n","protected":false},"excerpt":{"rendered":"<p style=\"text-align: justify;\">Durante el fin de semana festivo se desarrollaron en San Carlos las tradicionales Fiestas del Agua, lo que gener\u00f3 un alto flujo vehicular sobre el municipio de Granada, que se evidenci\u00f3 en mayor medida al paso por La Variante, donde confluyen veh\u00edculos particulares, buses de transporte p\u00fablico y peatones.<\/p>\n","protected":false},"author":1,"featured_media":0,"comment_status":"open","ping_status":"open","sticky":false,"template":"","format":"standard","meta":{"footnotes":""},"categories":[19],"tags":[],"class_list":["post-556","post","type-post","status-publish","format-standard","hentry","category-noticias"],"_links":{"self":[{"href":"https:\/\/www.desdegranada.com\/site\/index.php?rest_route=\/wp\/v2\/posts\/556","targetHints":{"allow":["GET"]}}],"collection":[{"href":"https:\/\/www.desdegranada.com\/site\/index.php?rest_route=\/wp\/v2\/posts"}],"about":[{"href":"https:\/\/www.desdegranada.com\/site\/index.php?rest_route=\/wp\/v2\/types\/post"}],"author":[{"embeddable":true,"href":"https:\/\/www.desdegranada.com\/site\/index.php?rest_route=\/wp\/v2\/users\/1"}],"replies":[{"embeddable":true,"href":"https:\/\/www.desdegranada.com\/site\/index.php?rest_route=%2Fwp%2Fv2%2Fcomments&post=556"}],"version-history":[{"count":0,"href":"https:\/\/www.desdegranada.com\/site\/index.php?rest_route=\/wp\/v2\/posts\/556\/revisions"}],"wp:attachment":[{"href":"https:\/\/www.desdegranada.com\/site\/index.php?rest_route=%2Fwp%2Fv2%2Fmedia&parent=556"}],"wp:term":[{"taxonomy":"category","embeddable":true,"href":"https:\/\/www.desdegranada.com\/site\/index.php?rest_route=%2Fwp%2Fv2%2Fcategories&post=556"},{"taxonomy":"post_tag","embeddable":true,"href":"https:\/\/www.desdegranada.com\/site\/index.php?rest_route=%2Fwp%2Fv2%2Ftags&post=556"}],"curies":[{"name":"wp","href":"https:\/\/api.w.org\/{rel}","templated":true}]}}