{"id":558,"date":"2022-08-22T23:01:33","date_gmt":"2022-08-22T23:01:33","guid":{"rendered":"https:\/\/www.desdegranada.com\/site\/?p=558"},"modified":"2022-08-22T23:01:33","modified_gmt":"2022-08-22T23:01:33","slug":"parroquia-se-une-a-la-celebracion-diocesana-de-la-semana-de-la-familia-infancia-juventud-y-las-vocaciones","status":"publish","type":"post","link":"https:\/\/www.desdegranada.com\/site\/?p=558","title":{"rendered":"Parroquia se une a la celebraci\u00f3n diocesana de la semana de la familia, infancia, juventud y las vocaciones"},"content":{"rendered":"<p style=\"text-align: justify;\">El padre Camilo Atehort\u00faa viene desempe\u00f1ando su trabajo pastoral en Granada hace alrededor de 2 meses y bajo su responsabilidad est\u00e1n la pastoral Familiar y la Juvenil.\u00a0 \u201cLo que hemos querido para este segundo semestre es generar un proceso, tanto en la pastoral juvenil como en la familiar, y entonces hemos ido agregando cosas para hacerlas m\u00e1s visibles\u201d.<\/p>\n<p style=\"text-align: justify;\">Por ejemplo, lo que antes se conoc\u00eda como la Pastoral Universitaria, se le cambi\u00f3 el nombre a Pastoral Juvenil Senior \u201cporque en gran parte le daba como cierto limite a las personas y est\u00e1 dirigida a j\u00f3venes bachilleres, trabajadores, universitarios, profesionales y se encuentran cada quince d\u00edas los s\u00e1bados\u201d.<\/p>\n<p style=\"text-align: justify;\"><img loading=\"lazy\" decoding=\"async\" src=\"images\/Pastoral_familiar.jpg\" alt=\"\" width=\"750\" height=\"439\" \/><\/p>\n<p style=\"text-align: justify;\"><strong>Pastoral Familiar<\/strong><\/p>\n<p style=\"text-align: justify;\">Por otro lado, con la pastoral familiar, en el que participa un n\u00famero significativo de parejas, se viene realizando cada quince d\u00edas un encuentro en el que al igual que la pastoral juvenil, se trabaja los componentes espiritual, formativo, recreativo, comunitario y finalmente social.<\/p>\n<p style=\"text-align: justify;\">Es importante resaltar que la semana inici\u00f3 con un acto nuevo en nuestro municipio. El domingo en la misa de 10am se logr\u00f3 hacer la imposici\u00f3n de albas para los nuevos ac\u00f3litos y que ayuda a cultivar nuevas vocaciones.<\/p>\n<p style=\"text-align: justify;\">Durante esta semana, se tendr\u00e1 eucarist\u00eda, pel\u00edculas, jornada vocacional en la instituci\u00f3n educativa y m\u00e1s actividades para toda la comunidad parroquial.<\/p>\n","protected":false},"excerpt":{"rendered":"<p style=\"text-align: justify;\">Esta es una iniciativa que promueve la di\u00f3seis de Sons\u00f3n Rionegro y desde la curia quisieron unir esfuerzos para trabajar en torno a esos n\u00facleos: Familia, infancia, juventud y vocaciones; y todos se desarrollan en una misma semana con activades para cada poblaci\u00f3n.<\/p>\n","protected":false},"author":1,"featured_media":0,"comment_status":"open","ping_status":"open","sticky":false,"template":"","format":"standard","meta":{"footnotes":""},"categories":[19],"tags":[],"class_list":["post-558","post","type-post","status-publish","format-standard","hentry","category-noticias"],"_links":{"self":[{"href":"https:\/\/www.desdegranada.com\/site\/index.php?rest_route=\/wp\/v2\/posts\/558","targetHints":{"allow":["GET"]}}],"collection":[{"href":"https:\/\/www.desdegranada.com\/site\/index.php?rest_route=\/wp\/v2\/posts"}],"about":[{"href":"https:\/\/www.desdegranada.com\/site\/index.php?rest_route=\/wp\/v2\/types\/post"}],"author":[{"embeddable":true,"href":"https:\/\/www.desdegranada.com\/site\/index.php?rest_route=\/wp\/v2\/users\/1"}],"replies":[{"embeddable":true,"href":"https:\/\/www.desdegranada.com\/site\/index.php?rest_route=%2Fwp%2Fv2%2Fcomments&post=558"}],"version-history":[{"count":0,"href":"https:\/\/www.desdegranada.com\/site\/index.php?rest_route=\/wp\/v2\/posts\/558\/revisions"}],"wp:attachment":[{"href":"https:\/\/www.desdegranada.com\/site\/index.php?rest_route=%2Fwp%2Fv2%2Fmedia&parent=558"}],"wp:term":[{"taxonomy":"category","embeddable":true,"href":"https:\/\/www.desdegranada.com\/site\/index.php?rest_route=%2Fwp%2Fv2%2Fcategories&post=558"},{"taxonomy":"post_tag","embeddable":true,"href":"https:\/\/www.desdegranada.com\/site\/index.php?rest_route=%2Fwp%2Fv2%2Ftags&post=558"}],"curies":[{"name":"wp","href":"https:\/\/api.w.org\/{rel}","templated":true}]}}