{"id":559,"date":"2022-08-22T23:10:47","date_gmt":"2022-08-22T23:10:47","guid":{"rendered":"https:\/\/www.desdegranada.com\/site\/?p=559"},"modified":"2022-08-22T23:10:47","modified_gmt":"2022-08-22T23:10:47","slug":"casa-de-la-cultura-realizo-la-semana-del-arte","status":"publish","type":"post","link":"https:\/\/www.desdegranada.com\/site\/?p=559","title":{"rendered":"Casa de la cultura realiz\u00f3 la semana del arte"},"content":{"rendered":"<p style=\"text-align: justify;\">Es por eso que desde el a\u00f1o 2020 se vienen haciendo unas presentaciones en las que se puede mostrar el trabajo adelantado por cada uno de los promotores, y que fue nombrado como \u201cLa Semana del arte\u201d, que es una especie de vitrina en la cual los padres de los participantes pod\u00edan ver el talento de sus hijos.<\/p>\n<p style=\"text-align: justify;\"><img loading=\"lazy\" decoding=\"async\" src=\"images\/Semana_del_arte_1.jpg\" alt=\"\" width=\"750\" height=\"439\" \/><\/p>\n<p style=\"text-align: justify;\">Pero no solo eso, sino que tambi\u00e9n, precisamente esas personas adultas se fueron inquietando y entonces \u201cnos dec\u00edan que quer\u00edan aprender a tocar guitarra, pero que no les daba por los horarios del trabajo, que no les quedaba tiempo o simplemente dec\u00edan, que quer\u00edan y ya, entonces comenzamos a realizar trabajos con ellos y por ejemplo en la semana del arte tambi\u00e9n tuvieron su espacio\u201d, dijo Ra\u00fal Casta\u00f1o, coordinador de la casa de la cultura de Granada.<\/p>\n<p style=\"text-align: justify;\"><img loading=\"lazy\" decoding=\"async\" src=\"images\/Semana_del_arte_2.jpg\" alt=\"\" width=\"750\" height=\"439\" \/><\/p>\n<p style=\"text-align: justify;\">Entre los muchos procesos que nos cont\u00f3 Ra\u00fal Casta\u00f1o, hay uno que es con los m\u00e1s ni\u00f1os, en los cuales la promotora hace un recorrido por los diferentes procesos, como una especie de abrebocas para que los ni\u00f1os vayan viendo en cual de todos esos procesos quieren participar. \u201cEntonces ensayan canto, teatro, danza\u2026 entre otros y cuando est\u00e1n m\u00e1s grandecitos, ellos mismos son los que deciden cual de todos los procesos es el que m\u00e1s les llama la atenci\u00f3n\u201d<\/p>\n<p style=\"text-align: justify;\">Lo que se ha logrado con estas semanas del arte seg\u00fan Ra\u00fal es que los padres de familia conozcan lo que sus hijos est\u00e1n haciendo, es decir, el producto final; y tambi\u00e9n que todo esto genere un dinamismo art\u00edstico en nuestro municipio.<\/p>\n","protected":false},"excerpt":{"rendered":"<p style=\"text-align: justify;\">La casa de la cultura de Granada viene adelantando varios procesos y siguen en la b\u00fasqueda continua de seguir fortaleciendo los talentos de los habitantes del municipio.<\/p>\n","protected":false},"author":1,"featured_media":0,"comment_status":"open","ping_status":"open","sticky":false,"template":"","format":"standard","meta":{"footnotes":""},"categories":[19],"tags":[],"class_list":["post-559","post","type-post","status-publish","format-standard","hentry","category-noticias"],"_links":{"self":[{"href":"https:\/\/www.desdegranada.com\/site\/index.php?rest_route=\/wp\/v2\/posts\/559","targetHints":{"allow":["GET"]}}],"collection":[{"href":"https:\/\/www.desdegranada.com\/site\/index.php?rest_route=\/wp\/v2\/posts"}],"about":[{"href":"https:\/\/www.desdegranada.com\/site\/index.php?rest_route=\/wp\/v2\/types\/post"}],"author":[{"embeddable":true,"href":"https:\/\/www.desdegranada.com\/site\/index.php?rest_route=\/wp\/v2\/users\/1"}],"replies":[{"embeddable":true,"href":"https:\/\/www.desdegranada.com\/site\/index.php?rest_route=%2Fwp%2Fv2%2Fcomments&post=559"}],"version-history":[{"count":0,"href":"https:\/\/www.desdegranada.com\/site\/index.php?rest_route=\/wp\/v2\/posts\/559\/revisions"}],"wp:attachment":[{"href":"https:\/\/www.desdegranada.com\/site\/index.php?rest_route=%2Fwp%2Fv2%2Fmedia&parent=559"}],"wp:term":[{"taxonomy":"category","embeddable":true,"href":"https:\/\/www.desdegranada.com\/site\/index.php?rest_route=%2Fwp%2Fv2%2Fcategories&post=559"},{"taxonomy":"post_tag","embeddable":true,"href":"https:\/\/www.desdegranada.com\/site\/index.php?rest_route=%2Fwp%2Fv2%2Ftags&post=559"}],"curies":[{"name":"wp","href":"https:\/\/api.w.org\/{rel}","templated":true}]}}