{"id":560,"date":"2022-09-01T17:02:54","date_gmt":"2022-09-01T17:02:54","guid":{"rendered":"https:\/\/www.desdegranada.com\/site\/?p=560"},"modified":"2022-09-01T17:02:54","modified_gmt":"2022-09-01T17:02:54","slug":"ya-estas-listo-para-vivir-la-semana-mas-joven-el-ano-agendate-con-la-semana-de-las-juventudes-2022","status":"publish","type":"post","link":"https:\/\/www.desdegranada.com\/site\/?p=560","title":{"rendered":"\u00bfYa est\u00e1s listo para vivir la semana m\u00e1s joven el a\u00f1o? Ag\u00e9ndate con la Semana de las Juventudes 2022"},"content":{"rendered":"<p style=\"text-align: justify;\">Este a\u00f1o, con el eslogan \u201cUniversos diversos\u201d, la poblaci\u00f3n joven de Granada estar\u00e1 de fiesta durante 6 d\u00edas con actividades formativas, recreativas, culturales, de reflexi\u00f3n y m\u00e1s, que apuntan a involucrarlos en espacios de aprendizaje y sano esparcimiento, adem\u00e1s de hacerlos protagonistas de la din\u00e1mica local.<\/p>\n<p style=\"text-align: justify;\">Dentro de las actividades destacadas est\u00e1n la noche de los medios, las gymkannas, el scape room, burguer master y el festival de freestyle. Invitamos a los j\u00f3venes tanto de la zona urbana como rural y del corregimiento de Santa Ana a participar.<\/p>\n","protected":false},"excerpt":{"rendered":"<p style=\"text-align: justify;\">Granada est\u00e1 ad portas de iniciar una celebraci\u00f3n en la que los protagonistas son los j\u00f3venes y que les permite divertirse, mostrar sus habilidades y contagiar al resto de habitantes del municipio con su energ\u00eda. Se trata de la Semana de las Juventudes 2022 que tendr\u00e1 programaci\u00f3n a lo largo del mes as\u00ed: Del el 5 y el 10 de septiembre en la zona urbana, entre el 21 y el 23 de septiembre en Santa Ana y el 29 del mismo mes en el centro poblado los medios.<\/p>\n","protected":false},"author":1,"featured_media":0,"comment_status":"open","ping_status":"open","sticky":false,"template":"","format":"standard","meta":{"footnotes":""},"categories":[19],"tags":[],"class_list":["post-560","post","type-post","status-publish","format-standard","hentry","category-noticias"],"_links":{"self":[{"href":"https:\/\/www.desdegranada.com\/site\/index.php?rest_route=\/wp\/v2\/posts\/560","targetHints":{"allow":["GET"]}}],"collection":[{"href":"https:\/\/www.desdegranada.com\/site\/index.php?rest_route=\/wp\/v2\/posts"}],"about":[{"href":"https:\/\/www.desdegranada.com\/site\/index.php?rest_route=\/wp\/v2\/types\/post"}],"author":[{"embeddable":true,"href":"https:\/\/www.desdegranada.com\/site\/index.php?rest_route=\/wp\/v2\/users\/1"}],"replies":[{"embeddable":true,"href":"https:\/\/www.desdegranada.com\/site\/index.php?rest_route=%2Fwp%2Fv2%2Fcomments&post=560"}],"version-history":[{"count":0,"href":"https:\/\/www.desdegranada.com\/site\/index.php?rest_route=\/wp\/v2\/posts\/560\/revisions"}],"wp:attachment":[{"href":"https:\/\/www.desdegranada.com\/site\/index.php?rest_route=%2Fwp%2Fv2%2Fmedia&parent=560"}],"wp:term":[{"taxonomy":"category","embeddable":true,"href":"https:\/\/www.desdegranada.com\/site\/index.php?rest_route=%2Fwp%2Fv2%2Fcategories&post=560"},{"taxonomy":"post_tag","embeddable":true,"href":"https:\/\/www.desdegranada.com\/site\/index.php?rest_route=%2Fwp%2Fv2%2Ftags&post=560"}],"curies":[{"name":"wp","href":"https:\/\/api.w.org\/{rel}","templated":true}]}}