{"id":572,"date":"2022-10-01T22:39:17","date_gmt":"2022-10-01T22:39:17","guid":{"rendered":"https:\/\/www.desdegranada.com\/site\/?p=572"},"modified":"2022-10-01T22:39:17","modified_gmt":"2022-10-01T22:39:17","slug":"con-derecho-de-peticion-consejo-de-padres-de-inejago-busca-que-se-mantenga-plaza-de-coordinador","status":"publish","type":"post","link":"https:\/\/www.desdegranada.com\/site\/?p=572","title":{"rendered":"Con derecho de petici\u00f3n, consejo de padres de INEJAGO busca que se mantenga plaza de coordinador"},"content":{"rendered":"<p style=\"text-align: justify;\">En ese sentido se radic\u00f3 ante la Secretar\u00eda de Educaci\u00f3n Departamental un derecho de petici\u00f3n en el que se explica la necesidad de que el municipio siga contando con las tres plazas de coordinadores y las dificultades que podr\u00edan venir para INEJAGO en caso de que se pierda alguna de ellas.<\/p>\n<p style=\"text-align: justify;\">Seg\u00fan Pompilio Hoyos, presidente del consejo de padres de la instituci\u00f3n \u201csi dejamos que se lleve, ya es muy dif\u00edcil volverla a traer, y si llegara a pasar que se nos lleven esa plaza, para los otros dos coordinadores ser\u00eda muy dif\u00edcil atender las problem\u00e1ticas de la instituci\u00f3n, porque aparte de que tiene que atender aqu\u00ed en el casco urbano, ellos tienen que desplazarse a la zona rural tambi\u00e9n\u201d.<\/p>\n<p style=\"text-align: justify;\">A la espera de obtener la respuesta de la Secretar\u00eda de Educaci\u00f3n, los padres de familia siguen trabajando para que se garantice la continuidad de los tres coordinadores en la instituci\u00f3n, lo que a su vez redundar\u00eda en el bienestar de toda la comunidad educativa.<\/p>\n","protected":false},"excerpt":{"rendered":"<p style=\"text-align: justify;\">FOTO: Facebook Inejago Granada.<\/p>\n<p style=\"text-align: justify;\">Una vez conocida la noticia de la posibilidad de perder una de las tres plazas de coordinadores con que cuenta actualmente la Instituci\u00f3n Educativa Jorge Alberto G\u00f3mez, el Consejo de Padres decidi\u00f3 emprender acciones para evitar que el personal que atiende a los estudiantes del municipio se vea desajustado.<\/p>\n","protected":false},"author":1,"featured_media":0,"comment_status":"open","ping_status":"open","sticky":false,"template":"","format":"standard","meta":{"footnotes":""},"categories":[19],"tags":[],"class_list":["post-572","post","type-post","status-publish","format-standard","hentry","category-noticias"],"_links":{"self":[{"href":"https:\/\/www.desdegranada.com\/site\/index.php?rest_route=\/wp\/v2\/posts\/572","targetHints":{"allow":["GET"]}}],"collection":[{"href":"https:\/\/www.desdegranada.com\/site\/index.php?rest_route=\/wp\/v2\/posts"}],"about":[{"href":"https:\/\/www.desdegranada.com\/site\/index.php?rest_route=\/wp\/v2\/types\/post"}],"author":[{"embeddable":true,"href":"https:\/\/www.desdegranada.com\/site\/index.php?rest_route=\/wp\/v2\/users\/1"}],"replies":[{"embeddable":true,"href":"https:\/\/www.desdegranada.com\/site\/index.php?rest_route=%2Fwp%2Fv2%2Fcomments&post=572"}],"version-history":[{"count":0,"href":"https:\/\/www.desdegranada.com\/site\/index.php?rest_route=\/wp\/v2\/posts\/572\/revisions"}],"wp:attachment":[{"href":"https:\/\/www.desdegranada.com\/site\/index.php?rest_route=%2Fwp%2Fv2%2Fmedia&parent=572"}],"wp:term":[{"taxonomy":"category","embeddable":true,"href":"https:\/\/www.desdegranada.com\/site\/index.php?rest_route=%2Fwp%2Fv2%2Fcategories&post=572"},{"taxonomy":"post_tag","embeddable":true,"href":"https:\/\/www.desdegranada.com\/site\/index.php?rest_route=%2Fwp%2Fv2%2Ftags&post=572"}],"curies":[{"name":"wp","href":"https:\/\/api.w.org\/{rel}","templated":true}]}}