{"id":573,"date":"2022-10-06T22:51:17","date_gmt":"2022-10-06T22:51:17","guid":{"rendered":"https:\/\/www.desdegranada.com\/site\/?p=573"},"modified":"2022-10-06T22:51:17","modified_gmt":"2022-10-06T22:51:17","slug":"con-aportes-de-instituciones-y-comunidad-se-mejoro-infraestructura-de-la-escuela-de-la-vereda-reyes","status":"publish","type":"post","link":"https:\/\/www.desdegranada.com\/site\/?p=573","title":{"rendered":"Con aportes de instituciones y comunidad se mejor\u00f3 infraestructura de la escuela de la vereda Reyes"},"content":{"rendered":"<p style=\"text-align: justify;\">\u201cYa me dan m\u00e1s ganas de estudiar ac\u00e1 porque la escuela est\u00e1 m\u00e1s bonita\u201d, expresaba Laura Isabel Herrera, una de las estudiantes, mientras que Valeria R\u00edos Giraldo reconoc\u00eda que \u201cmejor\u00f3 que ya no tiene huecos en el piso y que ya est\u00e1 bien pintada\u201d.<\/p>\n<p style=\"text-align: justify;\">Y es que gracias a los aportes de la administraci\u00f3n municipal, la cooperativa Creafam, la junta de acci\u00f3n comunal y algunos particulares, se logr\u00f3 financiar este proyecto que implic\u00f3 una inversi\u00f3n de aproximadamente 12 millones de pesos.<\/p>\n<p style=\"text-align: justify;\">\u201cParticulares tambi\u00e9n se sumaron a esta causa, los padres de familia, hicimos rifas, distintas actividades para recoger esos fondos que nos permitieran dejar la escuela como est\u00e1 en este momento\u201d, resumi\u00f3 Mauricio Pineda, docente del Centro Educativo Rural Reyes, sobre el trabajo colaborativo para desarrollar con \u00e9xito todo este proceso.<\/p>\n<p style=\"text-align: justify;\"><img loading=\"lazy\" decoding=\"async\" src=\"images\/Escuela_Reyes_2022.jpg\" alt=\"\" width=\"750\" height=\"439\" \/><\/p>\n<p style=\"text-align: justify;\">Los incidentes por causa de los pisos deteriorados y las paredes despintadas son ya solo un mal recuerdo para los estudiantes, pues ahora adem\u00e1s de que se solucionaron dichas problem\u00e1ticas, la escuela luce mucho m\u00e1s bonita.<\/p>\n<p style=\"text-align: justify;\">\u201cTener la escuela como est\u00e1, tanto el corredor como las aulas de clase, va a permitir que los estudiantes sientan mayor motivaci\u00f3n por la escuela, querer m\u00e1s las escuela, tener m\u00e1s sentido de pertenencia, aprovechar los espacios para los proyectos literarios que tenemos\u201d, resalt\u00f3 finalmente el docente.<\/p>\n<p style=\"text-align: justify;\">Con esto, se logra evidenciar una vez m\u00e1s que la suma de esfuerzos posibilita el desarrollo de importantes proyectos para las comunidades, y que en este caso puntual ayudan a mejorar la calidad de la educaci\u00f3n de la vereda Reyes.<\/p>\n","protected":false},"excerpt":{"rendered":"<p style=\"text-align: justify;\">Estudiantes, docentes y comunidad de la vereda Reyes est\u00e1n felices con las mejoras realizadas en su centro educativo, lo que ahora les permitir\u00e1 tener un espacio m\u00e1s agradable no solo para el desarrollo de las clases, sino tambi\u00e9n para las distintas actividades veredales.<\/p>\n","protected":false},"author":1,"featured_media":0,"comment_status":"open","ping_status":"open","sticky":false,"template":"","format":"standard","meta":{"footnotes":""},"categories":[19],"tags":[],"class_list":["post-573","post","type-post","status-publish","format-standard","hentry","category-noticias"],"_links":{"self":[{"href":"https:\/\/www.desdegranada.com\/site\/index.php?rest_route=\/wp\/v2\/posts\/573","targetHints":{"allow":["GET"]}}],"collection":[{"href":"https:\/\/www.desdegranada.com\/site\/index.php?rest_route=\/wp\/v2\/posts"}],"about":[{"href":"https:\/\/www.desdegranada.com\/site\/index.php?rest_route=\/wp\/v2\/types\/post"}],"author":[{"embeddable":true,"href":"https:\/\/www.desdegranada.com\/site\/index.php?rest_route=\/wp\/v2\/users\/1"}],"replies":[{"embeddable":true,"href":"https:\/\/www.desdegranada.com\/site\/index.php?rest_route=%2Fwp%2Fv2%2Fcomments&post=573"}],"version-history":[{"count":0,"href":"https:\/\/www.desdegranada.com\/site\/index.php?rest_route=\/wp\/v2\/posts\/573\/revisions"}],"wp:attachment":[{"href":"https:\/\/www.desdegranada.com\/site\/index.php?rest_route=%2Fwp%2Fv2%2Fmedia&parent=573"}],"wp:term":[{"taxonomy":"category","embeddable":true,"href":"https:\/\/www.desdegranada.com\/site\/index.php?rest_route=%2Fwp%2Fv2%2Fcategories&post=573"},{"taxonomy":"post_tag","embeddable":true,"href":"https:\/\/www.desdegranada.com\/site\/index.php?rest_route=%2Fwp%2Fv2%2Ftags&post=573"}],"curies":[{"name":"wp","href":"https:\/\/api.w.org\/{rel}","templated":true}]}}